[{"@context":"https:\/\/schema.org\/","@type":"Article","@id":"https:\/\/www.er-sme.cz\/aby-probehlo-stehovani-firmy-v-praze-bez-problemu\/#Article","mainEntityOfPage":"https:\/\/www.er-sme.cz\/aby-probehlo-stehovani-firmy-v-praze-bez-problemu\/","headline":"Aby prob\u011bhlo st\u011bhov\u00e1n\u00ed firmy v Praze bez probl\u00e9m\u016f","name":"Aby prob\u011bhlo st\u011bhov\u00e1n\u00ed firmy v Praze bez probl\u00e9m\u016f","description":"M\u00e1te v \u00famyslu p\u0159est\u011bhovat va\u0161i firmu a za\u010d\u00edn\u00e1te s p\u0159\u00edpravnou f\u00e1z\u00ed a kontaktem st\u011bhovac\u00ed firmy? Pak si uv\u011bdomte, \u017ee je zapot\u0159eb\u00ed toto \u0159e\u0161it...","datePublished":"2023-09-20","dateModified":"2023-09-20","author":{"@type":"Person","@id":"https:\/\/www.er-sme.cz\/author\/#Person","name":"er-sme.cz","url":"https:\/\/www.er-sme.cz\/author\/","identifier":1,"image":{"@type":"ImageObject","@id":"https:\/\/secure.gravatar.com\/avatar\/383247cd769f7ac317a5bcda943ec48a3c79d996598ae4564ec21a0e178126d1?s=96&d=mm&r=g","url":"https:\/\/secure.gravatar.com\/avatar\/383247cd769f7ac317a5bcda943ec48a3c79d996598ae4564ec21a0e178126d1?s=96&d=mm&r=g","height":96,"width":96}},"publisher":{"@type":"Organization","name":"er-sme.cz","logo":{"@type":"ImageObject","@id":"\/logo.png","url":"\/logo.png","width":600,"height":60}},"image":{"@type":"ImageObject","@id":"https:\/\/www.er-sme.cz\/wp-content\/uploads\/home-office-599475_640.jpg","url":"https:\/\/www.er-sme.cz\/wp-content\/uploads\/home-office-599475_640.jpg","height":0,"width":0},"url":"https:\/\/www.er-sme.cz\/aby-probehlo-stehovani-firmy-v-praze-bez-problemu\/","about":["Web"],"wordCount":410,"articleBody":"      M\u00e1te v \u00famyslu p\u0159est\u011bhovat va\u0161i firmu a za\u010d\u00edn\u00e1te s p\u0159\u00edpravnou f\u00e1z\u00ed a kontaktem st\u011bhovac\u00ed firmy? Pak si uv\u011bdomte, \u017ee je zapot\u0159eb\u00ed toto \u0159e\u0161it v pom\u011brn\u011b zna\u010dn\u00e9m p\u0159edstihu, nejl\u00e9pe jednoho a\u017e dvou m\u011bs\u00edc\u016f. Na jak\u00e9 z\u00e1le\u017eitosti se p\u0159i st\u011bhov\u00e1n\u00ed firem v Praze zapom\u00edn\u00e1?Pov\u011b\u0159en\u00ed d\u00edl\u010d\u00edch zodpov\u011bdn\u00fdch vedouc\u00ed n\u00e1pln\u00ed pr\u00e1ce \u2013 moudr\u00fd \u0161\u00e9f firmy si svol\u00e1 v\u0161echny sv\u00e9 d\u00edl\u010d\u00ed vedouc\u00ed a pov\u011b\u0159\u00ed je jednotliv\u00fdmi \u00fakoly, za kter\u00e9 ponesou zodpov\u011bdnost v souvislosti s p\u0159\u00edpravou na st\u011bhov\u00e1n\u00ed. Pat\u0159\u00ed sem zejm\u00e9na balen\u00ed v\u011bc\u00ed do kartonov\u00fdch krabic, obstar\u00e1n\u00ed balic\u00edho a v\u00fdpl\u0148ov\u00e9ho materi\u00e1lu, skartace nepot\u0159ebn\u00fdch dokument\u016f a zabezpe\u010den\u00ed firemn\u00ed dokumentace pro jednotliv\u00e9 \u00faseky, ozna\u010den\u00ed zabalen\u00fdch v\u011bc\u00ed, aby bylo patrn\u00e9, z jak\u00e9 kancel\u00e1\u0159e poch\u00e1z\u00ed, a tak\u00e9 osobn\u00ed zainteresov\u00e1n\u00ed zam\u011bstnanc\u016f z firemn\u00edho fondu. Zam\u011bstnanci by m\u011bli m\u00edt k dispozici ve f\u00e1zi balen\u00ed v\u011bc\u00ed mimo\u0159\u00e1dn\u00e9 ob\u010derstven\u00ed z d\u016fvodu v\u011bt\u0161\u00edho v\u00fddeje fyzick\u00fdch sil, nap\u0159\u00edklad objedn\u00e1n\u00ed dod\u00e1vky pizzy, zaji\u0161t\u011bn\u00ed oblo\u017een\u00fdch chleb\u00ed\u010dk\u016f, sladk\u00fdch z\u00e1kusk\u016f, \u010daje, k\u00e1vy a t\u0159eba i potravin z prodejny zdrav\u00e9 v\u00fd\u017eivy.Parkovac\u00ed m\u00edsto \u2013 z\u00e1stupce firmy mus\u00ed v\u010das domluvit se st\u011bhovac\u00ed firmou dle rozsahu st\u011bhovan\u00fdch p\u0159edm\u011bt\u016f po\u010det a velikost st\u011bhovac\u00edch voz\u016f a zajistit pro n\u011b parkovac\u00ed m\u00edsta. Toto je zejm\u00e9na v Praze o\u017eehav\u00fd probl\u00e9m, kter\u00fd vy\u017eaduje pod\u00e1n\u00ed \u017e\u00e1dosti v m\u011bs\u00ed\u010dn\u00edm p\u0159edstihu na odbor dopravy p\u0159\u00edslu\u0161n\u00e9ho magistr\u00e1tu.Zaji\u0161t\u011bn\u00ed chodu firmy na nov\u00e9m m\u00edst\u011b &#8211; m\u016f\u017ee se v\u00e1m st\u00e1t, \u017ee ve\u0161ker\u00e9 \u00fasil\u00ed a energii sm\u011b\u0159ujete na st\u011bhovac\u00ed akci, ale zapomenete se soust\u0159edit na nov\u00e9 p\u016fsobi\u0161t\u011b. Tam bude zapot\u0159eb\u00ed m\u00edt podchycen\u00e9 stejn\u00e9 provozn\u00ed z\u00e1le\u017eitosti, jako na star\u00e9m m\u00edst\u011b, tedy nap\u0159\u00edklad kvalitu osv\u011btlen\u00ed kancel\u00e1\u0159\u00ed, podlahovou krytinu, strukturovanou kabel\u00e1\u017e pro po\u010d\u00edta\u010dovou s\u00ed\u0165, zaji\u0161t\u011bn\u00ed \u00faklidov\u00fdch prac\u00ed, malov\u00e1n\u00ed interi\u00e9ru, rozm\u00edst\u011bn\u00ed odpo\u010dinkov\u00fdch z\u00f3n, zaji\u0161t\u011bn\u00ed n\u00e1pojov\u00fdch automat\u016f a obecn\u011b stravov\u00e1n\u00ed zam\u011bstnanc\u016f atp.                                                                                                                                                                                                                                                                                                                                                                                           3.7\/5 - (8 votes)        "},{"@context":"https:\/\/schema.org\/","@type":"BreadcrumbList","itemListElement":[{"@type":"ListItem","position":1,"name":"Aby prob\u011bhlo st\u011bhov\u00e1n\u00ed firmy v Praze bez probl\u00e9m\u016f","item":"https:\/\/www.er-sme.cz\/aby-probehlo-stehovani-firmy-v-praze-bez-problemu\/#breadcrumbitem"}]}]