[{"@context":"https:\/\/schema.org\/","@type":"Article","@id":"https:\/\/www.er-sme.cz\/bude-mit-mimi-doma-vsechno\/#Article","mainEntityOfPage":"https:\/\/www.er-sme.cz\/bude-mit-mimi-doma-vsechno\/","headline":"Bude m\u00edt mimi doma v\u0161echno?","name":"Bude m\u00edt mimi doma v\u0161echno?","description":"P\u0159\u00edbuzn\u00ed a zn\u00e1m\u00ed se \u010dasto ptaj\u00ed: \u201eM\u00e1te u\u017e pro n\u011bj v\u0161echno?\u201c V miminkovsk\u00fdch \u010dasopisech a kn\u00ed\u017ek\u00e1ch a na internetu n\u00e1s z\u00e1sobuj\u00ed st\u00e1le dal\u0161\u00edmi...","datePublished":"2019-09-04","dateModified":"2023-04-27","author":{"@type":"Person","@id":"https:\/\/www.er-sme.cz\/author\/#Person","name":"er-sme.cz","url":"https:\/\/www.er-sme.cz\/author\/","identifier":1,"image":{"@type":"ImageObject","@id":"https:\/\/secure.gravatar.com\/avatar\/383247cd769f7ac317a5bcda943ec48a3c79d996598ae4564ec21a0e178126d1?s=96&d=mm&r=g","url":"https:\/\/secure.gravatar.com\/avatar\/383247cd769f7ac317a5bcda943ec48a3c79d996598ae4564ec21a0e178126d1?s=96&d=mm&r=g","height":96,"width":96}},"publisher":{"@type":"Organization","name":"er-sme.cz","logo":{"@type":"ImageObject","@id":"\/logo.png","url":"\/logo.png","width":600,"height":60}},"image":{"@type":"ImageObject","@id":"https:\/\/www.er-sme.cz\/wp-content\/uploads\/img_a342194_w1702_t1555068353.jpg","url":"https:\/\/www.er-sme.cz\/wp-content\/uploads\/img_a342194_w1702_t1555068353.jpg","height":0,"width":0},"url":"https:\/\/www.er-sme.cz\/bude-mit-mimi-doma-vsechno\/","about":["M\u00f3da"],"wordCount":493,"articleBody":"       P\u0159\u00edbuzn\u00ed a zn\u00e1m\u00ed se \u010dasto ptaj\u00ed: \u201eM\u00e1te u\u017e pro n\u011bj v\u0161echno?\u201c V miminkovsk\u00fdch \u010dasopisech a kn\u00ed\u017ek\u00e1ch a na internetu n\u00e1s z\u00e1sobuj\u00ed st\u00e1le dal\u0161\u00edmi a dal\u0161\u00edmi informacemi, co je\u0161t\u011b koupit. Miminka samoz\u0159ejm\u011b mus\u00edme vybavit z\u00e1kladn\u00ed v\u00fdbavi\u010dkou. T\u00fdk\u00e1 se to hlavn\u011b oble\u010den\u00ed pro miminka. Oble\u010dk\u016f je pot\u0159eba pro mr\u0148ouse opravdu dost! Ka\u017ed\u00fd den toho prost\u011b dok\u00e1\u017e\u00ed hodn\u011b \u201espot\u0159ebovat\u201c. Ale pozor! Nem\u00e1 cenu nakupovat p\u0159\u00edli\u0161 mnoho v\u011bc\u00ed v nejmen\u0161\u00edch velikostech. Mohlo by se st\u00e1t, \u017ee n\u011bkter\u00e9 kousky na\u0161e miminka ani nestihnou vyzkou\u0161et. Prost\u011b roste jako z vody!  Tak\u00e9 jsou v\u011bci, kter\u00e9 miminka zase tak nutn\u011b nepot\u0159ebuj\u00ed (takov\u00e9, co pot\u0159ebuj\u00ed prodat hlavn\u011b obchodn\u00edci, a to n\u011bkdy dost draho). Je pak na zv\u00e1\u017een\u00ed rodi\u010d\u016f, zda do nich hodlaj\u00ed investovat. P\u00e1r rad, jak se v tom orientovat m\u00e1me. Pot\u0159ebuje \u010dist\u00e9 pohodln\u00e9 oble\u010dky Pot\u0159ebujeme p\u0159edev\u0161\u00edm \u201eb\u011b\u017en\u00e9 dom\u00e1c\u00ed oble\u010den\u00ed\u201c. Pat\u0159\u00ed sem hlavn\u011b dupa\u010dky, bod\u00fd\u010dka, tri\u010dka, py\u017eamka. Ud\u011bl\u00e1me dostate\u010dnou z\u00e1sobu, ale pozor na p\u0159\u00edli\u0161 mal\u00e9 velikosti, t\u011bch tolik pot\u0159eba nebude. Oble\u010den\u00ed na ven po\u0159izujeme samoz\u0159ejm\u011b s p\u0159ihl\u00e9dnut\u00edm k aktu\u00e1ln\u00edmu ro\u010dn\u00edmu obdob\u00ed. K oble\u010den\u00ed p\u0159id\u00e1me i p\u00e1r osu\u0161ek a klasick\u00fdch bavln\u011bn\u00fdch plen. Ty se hod\u00ed, i kdy\u017e budeme na p\u0159ebalov\u00e1n\u00ed pou\u017e\u00edvat pap\u00edrov\u00e9 \u201ejednor\u00e1zovky\u201c. V\u00fdborn\u011b saj\u00ed vlhkost a s miminkem je st\u00e1le pot\u0159eba \u201eosu\u0161ovat a ut\u00edrat\u201c. Pot\u0159ebuje pleny a miminkovskou kosmetiku Plen pro miminko nen\u00ed nikdy dost. Ta nejmen\u0161\u00ed jich pot\u0159ebuj\u00ed asi 8 za den. Co se t\u00fdk\u00e1 kosmetiky, budeme pot\u0159ebovat hlavn\u011b vlh\u010den\u00e9 ubrousky, kvalitn\u00ed p\u0159\u00edpravek do koupele, d\u011btsk\u00fd pudr, kr\u00e9m nebo olej\u00ed\u010dek. Citliv\u00e1 poko\u017eka nejmen\u0161\u00edch miminek se mus\u00ed po koup\u00e1n\u00ed o\u0161et\u0159ovat jen kvalitn\u00edmi, bezpe\u010dn\u00fdmi produkty, kter\u00e9 jsou ur\u010deny novorozenc\u016fm. Tak\u00e9 nezapomeneme na vhodnou vani\u010dku! P\u0159id\u00e1me p\u00e1r kojeneck\u00fdch lahvi\u010dek a dudl\u00edk\u016f.  Pot\u0159ebuje vybaven\u00ed na span\u00ed a cestov\u00e1n\u00ed M\u011bli bychom m\u00edt p\u0159ipravenou kvalitn\u00ed a bezpe\u010dnou post\u00fdlku (s kvalitn\u00ed matrac\u00ed), ko\u010d\u00e1rek a autoseda\u010dku! P\u0159i n\u00e1kupu tohoto vybaven\u00ed op\u011bt mysl\u00edme na to, \u017ee d\u011b\u0165\u00e1tko rychle roste. Bez \u010deho se d\u00e1 klidn\u011b \u201ep\u0159e\u017e\u00edt\u201c drah\u00fdch p\u0159ebalovac\u00edch pult\u016f (sta\u010d\u00ed p\u0159ebalovac\u00ed podlo\u017eka) zvl\u00e1\u0161tn\u00edho odpadkov\u00e9ho ko\u0161e na pleny drah\u00fdch oble\u010dk\u016f \u201ena jedno pou\u017eit\u00ed (vyfocen\u00ed)\u201c kreativn\u00edch kousk\u016f, kter\u00e9 d\u00edt\u011b vn\u00edm\u00e1 stejn\u011b a\u017e pozd\u011bji (koloto\u010de nad post\u00fdlku a podobn\u00e9) velk\u00e9ho mno\u017estv\u00ed \u201eply\u0161\u00e1k\u016f\u201c (pro nejmen\u0161\u00ed jsou vhodn\u011bj\u0161\u00ed hra\u010dky omyvateln\u00e9, bez chloupk\u016f)                                                                                                                                                                                                                                                                                                                                                                                          3.8\/5 - (6 votes)        "},{"@context":"https:\/\/schema.org\/","@type":"BreadcrumbList","itemListElement":[{"@type":"ListItem","position":1,"name":"Bude m\u00edt mimi doma v\u0161echno?","item":"https:\/\/www.er-sme.cz\/bude-mit-mimi-doma-vsechno\/#breadcrumbitem"}]}]