[{"@context":"https:\/\/schema.org\/","@type":"Article","@id":"https:\/\/www.er-sme.cz\/celorocni-mobilni-dum-pro-svobodny-zivot-bez-zavazku\/#Article","mainEntityOfPage":"https:\/\/www.er-sme.cz\/celorocni-mobilni-dum-pro-svobodny-zivot-bez-zavazku\/","headline":"Celoro\u010dn\u00ed mobiln\u00ed d\u016fm pro svobodn\u00fd \u017eivot bez z\u00e1vazk\u016f","name":"Celoro\u010dn\u00ed mobiln\u00ed d\u016fm pro svobodn\u00fd \u017eivot bez z\u00e1vazk\u016f","description":"V\u00edte, kter\u00e9 bydlen\u00ed na \u010desk\u00e9m trhu je to nejdostupn\u011bj\u0161\u00ed? A kter\u00e9 bydlen\u00ed v\u00e1m nab\u00edz\u00ed maxim\u00e1ln\u00ed svobodu? A p\u0159itom stejn\u00fd komfort jako klasick\u00fd m\u011bstsk\u00fd...","datePublished":"2019-04-23","dateModified":"2023-04-27","author":{"@type":"Person","@id":"https:\/\/www.er-sme.cz\/author\/#Person","name":"er-sme.cz","url":"https:\/\/www.er-sme.cz\/author\/","identifier":1,"image":{"@type":"ImageObject","@id":"https:\/\/secure.gravatar.com\/avatar\/383247cd769f7ac317a5bcda943ec48a3c79d996598ae4564ec21a0e178126d1?s=96&d=mm&r=g","url":"https:\/\/secure.gravatar.com\/avatar\/383247cd769f7ac317a5bcda943ec48a3c79d996598ae4564ec21a0e178126d1?s=96&d=mm&r=g","height":96,"width":96}},"publisher":{"@type":"Organization","name":"er-sme.cz","logo":{"@type":"ImageObject","@id":"\/logo.png","url":"\/logo.png","width":600,"height":60}},"image":{"@type":"ImageObject","@id":"https:\/\/www.er-sme.cz\/wp-content\/uploads\/img_a345695_w1722_t1559288601.png","url":"https:\/\/www.er-sme.cz\/wp-content\/uploads\/img_a345695_w1722_t1559288601.png","height":0,"width":0},"url":"https:\/\/www.er-sme.cz\/celorocni-mobilni-dum-pro-svobodny-zivot-bez-zavazku\/","about":["Bydlen\u00ed"],"wordCount":414,"articleBody":"       V\u00edte, kter\u00e9 bydlen\u00ed na \u010desk\u00e9m trhu je to nejdostupn\u011bj\u0161\u00ed? A kter\u00e9 bydlen\u00ed v\u00e1m nab\u00edz\u00ed maxim\u00e1ln\u00ed svobodu? A p\u0159itom stejn\u00fd komfort jako klasick\u00fd m\u011bstsk\u00fd byt? P\u0159ece celoro\u010dn\u00ed mobiln\u00ed d\u016fm! Pr\u00e1v\u011b to je ta nab\u00eddka, kter\u00e1 nem\u00e1 na \u010desk\u00e9m trhu s nemovitostmi \u017e\u00e1dnou obdobu. Mobiln\u00ed d\u016fm je ten nejsnadn\u011bji dostupn\u00fd, a p\u0159itom plnohodnotn\u00fd zp\u016fsob bydlen\u00ed, kter\u00fd je tu pro ka\u017ed\u00e9ho, kdo nem\u00e1 p\u0159\u00edli\u0161 velk\u00e9 n\u00e1roky na podlahovou plochu sv\u00e9ho bytu. Pokud si vysta\u010d\u00edte s bydlen\u00edm, kter\u00e9 sv\u00fdm prostorem odpov\u00edd\u00e1 mal\u00e9mu m\u011bstsk\u00e9mu bytu, pak budete s mobiln\u00edm domem jist\u011b spokojeni. T\u00edm sp\u00ed\u0161e, \u017ee na n\u011bj dos\u00e1hnete ji\u017e v cen\u011b do jednoho mili\u00f3nu korun \u2013 a za takovou \u010d\u00e1stku \u017e\u00e1dn\u00fd jin\u00fd d\u016fm nekoup\u00edte! Jestli\u017ee v\u00e1s takov\u00e1 nab\u00eddka l\u00e1k\u00e1, ale m\u00e1te strach, abyste ne\u017eili a\u017e p\u0159\u00edli\u0161 alternativn\u011b anebo n\u011bjak jinak omezen\u011b, tak to nejlep\u0161\u00ed, co m\u016f\u017eete ud\u011blat, je p\u0159esv\u011bd\u010dit se o kvalit\u00e1ch mobiln\u00edch dom\u016f na vlastn\u00ed o\u010di \u2013 ide\u00e1ln\u011b v centru mobiln\u00edch dom\u016f, kde si prohl\u00e9dnete r\u016fzn\u00e9 typy mobilheim\u016f a zjist\u00edte, jak\u00e9 mo\u017enosti v\u00e1m nab\u00edzej\u00ed. M\u00e1te strach, aby v\u00e1m v mobiln\u00edm dom\u011b nechyb\u011blo n\u011bco d\u016fle\u017eit\u00e9ho? M\u016f\u017eete v n\u011bm m\u00edt v\u0161e, co budete cht\u00edt. A pokud n\u00e1hodou n\u011bjak\u00e9 vybaven\u00ed, spot\u0159ebi\u010d anebo n\u00e1bytek nenaleznete v nab\u00eddce, m\u016f\u017eete si ho nechat zhotovit anebo doplnit na p\u0159\u00e1n\u00ed. O tom, jak bude v\u00e1\u0161 vlastn\u00ed d\u016fm vypadat, toti\u017e rozhodujete p\u0159edev\u0161\u00edm vy sami.A m\u011bjte na pam\u011bti i to, \u017ee volbou sv\u00e9ho bydlen\u00ed rozhodujete p\u0159edev\u0161\u00edm o sv\u00e9 budoucnosti. Tak\u017ee pokud se vrhnete na velkou hypot\u00e9ku, kterou budete spl\u00e1cet des\u00edtky let, tak z\u00e1rove\u0148 nebudete m\u00edt des\u00edtky let dostatek pen\u011bz na nic jin\u00e9ho, a a\u017e do jej\u00edho kone\u010dn\u00e9ho umo\u0159en\u00ed hroz\u00ed, \u017ee v\u00e1m zl\u00e1me vaz a vy o sv\u00e9 bydlen\u00ed p\u0159ijdete. Opravdu si chcete na krk uv\u00e1zat takov\u00fd z\u00e1vazek? Pokud chcete z\u016fstat svobodn\u00ed, tak si rad\u011bji po\u0159i\u010fte mobiln\u00ed d\u016fm za vst\u0159\u00edcnou cenu, kter\u00e1 v\u00e1m umo\u017en\u00ed \u017e\u00edt plnohodnotn\u00fd \u017eivot bez zbyte\u010dn\u00fdch omezen\u00ed.                                                                                                                                                                                                                                                                                                                                                                                          4.1\/5 - (7 votes)        "},{"@context":"https:\/\/schema.org\/","@type":"BreadcrumbList","itemListElement":[{"@type":"ListItem","position":1,"name":"Celoro\u010dn\u00ed mobiln\u00ed d\u016fm pro svobodn\u00fd \u017eivot bez z\u00e1vazk\u016f","item":"https:\/\/www.er-sme.cz\/celorocni-mobilni-dum-pro-svobodny-zivot-bez-zavazku\/#breadcrumbitem"}]}]