[{"@context":"https:\/\/schema.org\/","@type":"Article","@id":"https:\/\/www.er-sme.cz\/dnes-jiz-standard\/#Article","mainEntityOfPage":"https:\/\/www.er-sme.cz\/dnes-jiz-standard\/","headline":"Dnes ji\u017e standard","name":"Dnes ji\u017e standard","description":"Doma, \u017ee je to podobn\u00e9? Rad\u011bji si p\u0159ipust\u00edte, \u017ee velk\u00e1 horka n\u011bjak p\u0159e\u017eijete, ne\u017e byste kdekoli a cokoli ud\u011blali pro dobrou v\u011bc? Nesmysl,...","datePublished":"2019-10-24","dateModified":"2023-04-27","author":{"@type":"Person","@id":"https:\/\/www.er-sme.cz\/author\/#Person","name":"er-sme.cz","url":"https:\/\/www.er-sme.cz\/author\/","identifier":1,"image":{"@type":"ImageObject","@id":"https:\/\/secure.gravatar.com\/avatar\/383247cd769f7ac317a5bcda943ec48a3c79d996598ae4564ec21a0e178126d1?s=96&d=mm&r=g","url":"https:\/\/secure.gravatar.com\/avatar\/383247cd769f7ac317a5bcda943ec48a3c79d996598ae4564ec21a0e178126d1?s=96&d=mm&r=g","height":96,"width":96}},"publisher":{"@type":"Organization","name":"er-sme.cz","logo":{"@type":"ImageObject","@id":"\/logo.png","url":"\/logo.png","width":600,"height":60}},"image":{"@type":"ImageObject","@id":"https:\/\/www.er-sme.cz\/wp-content\/uploads\/img_a365177_w1722_t1578213078.png","url":"https:\/\/www.er-sme.cz\/wp-content\/uploads\/img_a365177_w1722_t1578213078.png","height":0,"width":0},"url":"https:\/\/www.er-sme.cz\/dnes-jiz-standard\/","about":["Slu\u017eby"],"wordCount":411,"articleBody":"       Doma, \u017ee je to podobn\u00e9? Rad\u011bji si p\u0159ipust\u00edte, \u017ee velk\u00e1 horka n\u011bjak p\u0159e\u017eijete, ne\u017e byste kdekoli a cokoli ud\u011blali pro dobrou v\u011bc? Nesmysl, p\u0159\u00e1tel\u00e9! Hlavn\u00ed v dne\u0161n\u00ed pokrokov\u00e9 dob\u011b je klimatizace ji\u017e absolutn\u00edm standardem kdekoli v interi\u00e9ru. Zajist\u00ed majiteli po\u017eadovan\u00fd teplotn\u00ed komfort, zajist\u00ed v\u00fdm\u011bnu a p\u0159\u00edstup pravideln\u00e9ho \u010derstv\u00e9ho vzduchu, zbaven\u00e9ho prachu a ne\u010distot. Dobr\u00e1 zpr\u00e1va pro v\u0161echny alergiky a astmatiky. Skv\u011blou novinkou je, \u017ee pr\u00e1v\u011b te\u010f a tady je p\u0159ipravena nab\u00eddka za\u0159\u00edzen\u00ed renomovan\u00fdch sv\u011btov\u00fdch zna\u010dek a to za velice v\u00fdhodn\u00fdch podm\u00ednek! Ne\u010dekejte, a\u017e se V\u00e1s l\u00e9to zept\u00e1, co jste d\u011blali v zim\u011b a objednejte si klimatizaci praha, te\u010f hned a na m\u00edru.   Co nab\u00edz\u00edme? Nab\u00edz\u00edme toho mnoho, v\u017edy v dokonal\u00e9 kvalit\u011b a p\u0159esn\u011b podle p\u0159\u00e1n\u00ed z\u00e1kazn\u00edka. Nab\u00edz\u00edme v\u00fdb\u011br z n\u011bkolika druh\u016f a typ\u016f za\u0159\u00edzen\u00ed. Pokud si nev\u00edte rady, jak\u00fd typ aktu\u00e1ln\u011b vybrat k Va\u0161im \u00fa\u010del\u016fm nevad\u00ed. M\u00e1me \u0159adu zku\u0161enost\u00ed, r\u00e1di porad\u00edme a pom\u016f\u017eeme s v\u00fdb\u011brem. Nelamte si hlavu se samotnou mont\u00e1\u017e\u00ed, nen\u00ed to toti\u017e v\u016fbec pot\u0159eba. P\u0159ijedeme, p\u0159ivezeme dan\u00fd komponent a je\u0161t\u011b ke v\u0161emu rychle a profesion\u00e1ln\u011b nainstalujeme. A \u017ee s\u00eddlo na\u0161\u00ed firmy je v hlavn\u00edm m\u011bst\u011b? Ano, hlavn\u00ed p\u016fsobi\u0161t\u011b m\u00e1me opravdu tady, ale samoz\u0159ejm\u011b r\u00e1di zajist\u00edme i zak\u00e1zku kdekoli po republice. Velkou v\u00fdhodou je, \u017ee se nemus\u00edte b\u00e1t ani str\u00e1nky servisu a pravideln\u00e9 \u00fadr\u017eby. I to si bereme na starost.  Sami vid\u00edte, \u017ee s na\u0161\u00ed firmou z\u00edsk\u00e1te \u0159adu v\u00fdhod a p\u0159ednost\u00ed. Nev\u00e1hejte n\u00e1s zkontaktovat, nev\u00e1hejte se sezn\u00e1mit s nab\u00eddkou, kter\u00e1 tady \u010dek\u00e1 na ka\u017ed\u00e9ho! Nev\u00e1hejte se poradit s opravdov\u00fdmi profesion\u00e1ly v t\u00e9to oblasti. M\u00e1me mnoho let praxe, dok\u00e1\u017eeme vybrat a nainstalovat, jak adekv\u00e1tn\u00ed klimatizaci, tak se stejn\u011b dob\u0159e postar\u00e1me v r\u00e1mci servisu, \u010di oprav o tu, co ji\u017e vyu\u017e\u00edv\u00e1te. Nab\u00edz\u00edme slu\u017eby v\u0161em, kte\u0159\u00ed cht\u011bj\u00ed p\u0159ej\u00edt na komfort celoro\u010dn\u011b zdrav\u00e9ho a \u010dist\u00e9ho vzduchu, s teplotou, kter\u00e1 jim vyhovuje!                                                                                                                                                                                                                                                                                                                                                                                          4.2\/5 - (6 votes)        "},{"@context":"https:\/\/schema.org\/","@type":"BreadcrumbList","itemListElement":[{"@type":"ListItem","position":1,"name":"Dnes ji\u017e standard","item":"https:\/\/www.er-sme.cz\/dnes-jiz-standard\/#breadcrumbitem"}]}]