[{"@context":"https:\/\/schema.org\/","@type":"Article","@id":"https:\/\/www.er-sme.cz\/dovolena-v-zahranici-nebo-doma\/#Article","mainEntityOfPage":"https:\/\/www.er-sme.cz\/dovolena-v-zahranici-nebo-doma\/","headline":"Dovolen\u00e1 v zahrani\u010d\u00ed nebo doma","name":"Dovolen\u00e1 v zahrani\u010d\u00ed nebo doma","description":"Ka\u017ed\u00fd rok se chyst\u00e1te na dovolenou \u010di alespo\u0148 prodlou\u017een\u00fd v\u00edkend, abyste na\u010derpali s\u00edly do dal\u0161\u00ed pr\u00e1ce. Pokl\u00e1d\u00e1te si st\u00e1le stejnou ot\u00e1zku rok co...","datePublished":"2023-04-27","dateModified":"2023-04-27","author":{"@type":"Person","@id":"https:\/\/www.er-sme.cz\/author\/#Person","name":"er-sme.cz","url":"https:\/\/www.er-sme.cz\/author\/","identifier":1,"image":{"@type":"ImageObject","@id":"https:\/\/secure.gravatar.com\/avatar\/383247cd769f7ac317a5bcda943ec48a3c79d996598ae4564ec21a0e178126d1?s=96&d=mm&r=g","url":"https:\/\/secure.gravatar.com\/avatar\/383247cd769f7ac317a5bcda943ec48a3c79d996598ae4564ec21a0e178126d1?s=96&d=mm&r=g","height":96,"width":96}},"publisher":{"@type":"Organization","name":"er-sme.cz","logo":{"@type":"ImageObject","@id":"\/logo.png","url":"\/logo.png","width":600,"height":60}},"url":"https:\/\/www.er-sme.cz\/dovolena-v-zahranici-nebo-doma\/","about":["Dovolen\u00e1"],"wordCount":420,"articleBody":"Ka\u017ed\u00fd rok se chyst\u00e1te na dovolenou \u010di alespo\u0148 prodlou\u017een\u00fd v\u00edkend, abyste na\u010derpali s\u00edly do dal\u0161\u00ed pr\u00e1ce. Pokl\u00e1d\u00e1te si st\u00e1le stejnou ot\u00e1zku rok co rok: \u201cPojedeme do zahrani\u010d\u00ed anebo d\u00e1me letos p\u0159ednost dovolen\u00e9 v na\u0161\u00ed vlasti?\u201d\u00a0O\u010d je ot\u00e1zka jednodu\u0161\u0161\u00ed, o to t\u011b\u017e\u0161\u00ed si ji b\u00fdv\u00e1 zodpov\u011bd\u011bt. Ob\u011b varianty, tak jako v\u0161echno na sv\u011bt\u011b, maj\u00ed sv\u00e1 pro a proti. Poj\u010fm\u011b se pod\u00edvat na n\u011bkter\u00e9 z v\u00fdhod a nev\u00fdhod dovolen\u00e9 v zahrani\u010d\u00ed a u n\u00e1s v \u010cesk\u00e9 republice.\u00a0Pro\u010d jet na dovolenou do zahrani\u010d\u00ed?\u2022\u00a0\u00a0 zn\u00ed to l\u00e1kav\u011bji,\u2022\u00a0\u00a0 pozn\u00e1te jinou kuchyni, architekturu staveb, jin\u00fd styl \u017eivota,\u2022\u00a0\u00a0 procvi\u010d\u00edte si ciz\u00ed jazyk.\u00a0Pro\u010d nejet na dovolenou do zahrani\u010d\u00ed?\u2022\u00a0\u00a0 dovolen\u00e1 v\u00e1s s nejv\u011bt\u0161\u00ed pravd\u011bpodobnost\u00ed bude st\u00e1t v\u00edce pen\u011bz ne\u017e z\u016fstat v \u010cR,\u2022\u00a0\u00a0 ne ka\u017ed\u00fd z n\u00e1s se snadno vyrovn\u00e1v\u00e1me s kulturn\u00edm \u0161okem, jin\u00fdm podneb\u00edm, jinou teplotou ovzdu\u0161\u00ed,\u2022\u00a0\u00a0 neum\u00edme jazyky a m\u016f\u017ee pro n\u00e1s b\u00fdt stresuj\u00edc\u00ed b\u00fdt z\u00e1visl\u00fd na n\u011bkom, kdo n\u00e1m bude tlumo\u010dit,\u2022\u00a0\u00a0 cesta potrv\u00e1 d\u00e9le i v p\u0159\u00edpad\u011b letu.\u00a0Pro\u010d jet na dovolenou po \u010cesk\u00e9 republice?\u2022\u00a0\u00a0 je dobr\u00e9 zn\u00e1t kr\u00e1sy na\u0161\u00ed vlasti a necestovat genoom za hranice,\u2022\u00a0\u00a0 nemus\u00edme zn\u00e1t \u017e\u00e1dn\u00fd ciz\u00ed jazyk a p\u0159esto se domluv\u00edme,\u2022\u00a0\u00a0 nepot\u0159ebujeme cestovn\u00ed poji\u0161t\u011bn\u00ed,\u2022\u00a0\u00a0 cesta n\u00e1m nezabere tolk \u010dasu,\u2022\u00a0\u00a0 pravd\u011bpodobn\u011b n\u00e1s dovolen\u00e1 p\u0159ijde na m\u00e9n\u011b financ\u00ed, ne\u017e kdybychom vycestovali do zahrani\u010d\u00ed.\u00a0Pro\u010d nejet na dovolenou po kr\u00e1s\u00e1ch na\u0161\u00ed vlasti?\u2022\u00a0\u00a0 zn\u00e1me na\u0161i kuchyni, zn\u00e1me architekturu na\u0161ich staveb,\u2022\u00a0\u00a0 pot\u0159ebujeme v\u011bt\u0161\u00ed vzru\u0161en\u00ed a pozn\u00e1vat n\u011bco v\u00edce exotick\u00e9ho,\u2022\u00a0\u00a0 neprocvi\u010d\u00edme si znalost ciz\u00edch jazyk\u016f.\u00a0V\u00fd\u0161e jste si mohli p\u0159e\u010d\u00edst n\u011bjak\u00e9 aspekty, pro\u010d vycestovat nebo nevycestovat do zahrani\u010d\u00ed, respektive po kr\u00e1s\u00e1ch na\u0161\u00ed vlasti. Je jen na ka\u017ed\u00e9m z n\u00e1s, \u010demu d\u00e1v\u00e1 p\u0159ednost. Mnohdy si nem\u016f\u017eeme vyb\u00edrat, nebo\u0165 jsme sv\u00e1z\u00e1ni n\u00e1sleduj\u00edc\u00edmi faktory:1.\u00a0\u00a0\u00a0 m\u00e1me mal\u00e9 d\u011bti,2.\u00a0\u00a0\u00a0 neum\u00edme ciz\u00ed jazyky,3.\u00a0\u00a0\u00a0 m\u00e1me jenom par dn\u00ed dovolen\u00e9,4.\u00a0\u00a0\u00a0 nedost\u00e1v\u00e1 se n\u00e1m moment\u00e1ln\u011b mnoha pen\u011bz.\u00a0Ve v\u00fdsledku nez\u00e1le\u017e\u00ed, kam pojedeme, ale jak si na\u0161i dovolenou u\u017eijeme a na\u010derp\u00e1me nov\u00e9 s\u00edly do dal\u0161\u00edch dn\u016f.                                                                                                                                                                                                                                                                                                                                                                                        4.5\/5 - (4 votes)        "},{"@context":"https:\/\/schema.org\/","@type":"BreadcrumbList","itemListElement":[{"@type":"ListItem","position":1,"name":"Dovolen\u00e1 v zahrani\u010d\u00ed nebo doma","item":"https:\/\/www.er-sme.cz\/dovolena-v-zahranici-nebo-doma\/#breadcrumbitem"}]}]