[{"@context":"https:\/\/schema.org\/","@type":"Article","@id":"https:\/\/www.er-sme.cz\/fotograf-zlin\/#Article","mainEntityOfPage":"https:\/\/www.er-sme.cz\/fotograf-zlin\/","headline":"Fotograf Zl\u00edn","name":"Fotograf Zl\u00edn","description":"Bydl\u00edte n\u011bkde pobl\u00ed\u017e Zl\u00edna nebo ve Zl\u00ednsk\u00e9m kraji a chcete zv\u011b\u010dnit kr\u00e1snou chvilku, kdy jste t\u011bhotn\u00e1 nebo m\u00e1te svatbu, oslavu narozenin nebo se...","datePublished":"2019-03-06","dateModified":"2023-12-20","author":{"@type":"Person","@id":"https:\/\/www.er-sme.cz\/author\/#Person","name":"er-sme.cz","url":"https:\/\/www.er-sme.cz\/author\/","identifier":1,"image":{"@type":"ImageObject","@id":"https:\/\/secure.gravatar.com\/avatar\/383247cd769f7ac317a5bcda943ec48a3c79d996598ae4564ec21a0e178126d1?s=96&d=mm&r=g","url":"https:\/\/secure.gravatar.com\/avatar\/383247cd769f7ac317a5bcda943ec48a3c79d996598ae4564ec21a0e178126d1?s=96&d=mm&r=g","height":96,"width":96}},"publisher":{"@type":"Organization","name":"er-sme.cz","logo":{"@type":"ImageObject","@id":"\/logo.png","url":"\/logo.png","width":600,"height":60}},"image":{"@type":"ImageObject","@id":"https:\/\/www.er-sme.cz\/wp-content\/uploads\/img_a342077_w1722_t1554973617.jpg","url":"https:\/\/www.er-sme.cz\/wp-content\/uploads\/img_a342077_w1722_t1554973617.jpg","height":0,"width":0},"url":"https:\/\/www.er-sme.cz\/fotograf-zlin\/","about":["Slu\u017eby"],"wordCount":406,"articleBody":"       Bydl\u00edte n\u011bkde pobl\u00ed\u017e Zl\u00edna nebo ve Zl\u00ednsk\u00e9m kraji a chcete zv\u011b\u010dnit kr\u00e1snou chvilku, kdy jste t\u011bhotn\u00e1 nebo m\u00e1te svatbu, oslavu narozenin nebo se jen tak s p\u0159\u00edtelem \u010di man\u017eelem zv\u011b\u010dnit a ud\u011blat si kr\u00e1sn\u00e9 fotky? Pokud je tohle pr\u00e1v\u011b v\u00e1\u0161 p\u0159\u00edpad a m\u011bli byste o tyhle slu\u017eby z\u00e1jem, nev\u00e1hejte oslovit fotografku Kate\u0159inu Svodovou, kter\u00e1 je velmi profesion\u00e1ln\u00ed, dok\u00e1\u017ee vytvo\u0159it velmi kr\u00e1sn\u00e9 a profesion\u00e1ln\u00ed sn\u00edmky, ze kter\u00fdch budete m\u00edt velkou radost. Nav\u00edc p\u0159em\u00fd\u0161lejte i dop\u0159edu. \u010cas se zastavit ned\u00e1, proto je dobr\u00e9, ud\u011blat si kr\u00e1sn\u00e9 sn\u00edmky, je\u0161t\u011b kdy\u017e jste mlad\u00ed nebo va\u0161ich d\u011bt\u00ed, proto\u017ee ty tak\u00e9 rostou jako z vody a ani se ned\u011bjete a u\u017e jsou dosp\u011bl\u00ed a \u017eij\u00ed si vlastn\u00ed \u017eivot, to je opravdu tak\u00e9 velmi d\u016fle\u017eit\u00e9. Pokud hled\u00e1te fotografa Zl\u00edn, tak bez pochyby ur\u010dit\u011b u\u017e hledat d\u00e1le nemus\u00edte, jeliko\u017e jste narazili na velmi zku\u0161enou \u017eenu, kter\u00e1 to um\u00ed. Koukn\u011bte se na jej\u00ed pr\u00e1ci, uk\u00e1zky sn\u00edmk\u016f, kter\u00e9 byly po\u0159\u00edzeny na r\u016fzn\u00fdch m\u00edstech a sami oce\u0148te jejich kr\u00e1su a kvalitu. Zv\u011b\u010dn\u011bte si danou chv\u00edli Svatba je den, kter\u00fd je velmi d\u016fle\u017eit\u00fd pro v\u0161echny, celou rodinu, a hlavn\u011b pro nev\u011bstu a \u017eenicha, proto byste m\u011bli m\u00edt za\u0159\u00edzen\u00e9ho fotografa, kter\u00fd se postar\u00e1 o to, aby zachytil v\u0161echny kr\u00e1sn\u00e9 momenty z va\u0161\u00ed svatby, proto\u017ee tohle je d\u016fle\u017eit\u00e9. Specializuje se hlavn\u011b na t\u011bhotensk\u00e9 sn\u00edmky, rodinn\u00e9 sn\u00edmky a celkov\u011b portr\u00e9ty, tak\u017ee v tomhle sm\u011bru je opravdu jedni\u010dkou ve sv\u00e9m oboru. Na instagramu je spousta kr\u00e1sn\u00fdch sn\u00edmk\u016f, kter\u00e9 jsou n\u00e1dhern\u00e9, je zde vysti\u017eena kr\u00e1sa momentu a v\u0161echno je kr\u00e1sn\u011b slad\u011bn\u00e9 a dokonale to v\u0161echno funguje a vypad\u00e1 to n\u00e1dhern\u011b. Co se t\u00fd\u010de cen, tak ty naleznete na internetov\u00fdch str\u00e1nk\u00e1ch, kter\u00e9 jsou pan\u00ed Kate\u0159iny Svobodov\u00e9. Je zde uveden\u00fd kompletn\u00ed cen\u00edk a v\u0161echny dal\u0161\u00ed informace, kter\u00e9 se t\u00fdkaj\u00ed cel\u00e9ho projektu. Sami se na cokoliv zeptejte, p\u0159\u00edpadn\u011b byste m\u011bli n\u011bco, na co jste nena\u0161li odpov\u011b\u010f.                                                                                                                                                                                                                                                                                                                                                                                          4\/5 - (2 votes)        "},{"@context":"https:\/\/schema.org\/","@type":"BreadcrumbList","itemListElement":[{"@type":"ListItem","position":1,"name":"Fotograf Zl\u00edn","item":"https:\/\/www.er-sme.cz\/fotograf-zlin\/#breadcrumbitem"}]}]