[{"@context":"https:\/\/schema.org\/","@type":"Article","@id":"https:\/\/www.er-sme.cz\/i-nenapadne-logo-ma-svuj-vyznam\/#Article","mainEntityOfPage":"https:\/\/www.er-sme.cz\/i-nenapadne-logo-ma-svuj-vyznam\/","headline":"I nen\u00e1padn\u00e9 logo m\u00e1 sv\u016fj v\u00fdznam","name":"I nen\u00e1padn\u00e9 logo m\u00e1 sv\u016fj v\u00fdznam","description":"Pokud pat\u0159\u00edte k t\u011bm, kte\u0159\u00ed cht\u011bj\u00ed propagovat svoji firmu, sportovn\u00ed klub, \u0161kolu, \u010di p\u0159\u00edmo specifickou slu\u017ebu, nebo v\u00fdrobek, pak pr\u00e1v\u011b V\u00e1m nab\u00edz\u00ed reklamn\u00ed...","datePublished":"2019-06-05","dateModified":"2023-04-27","author":{"@type":"Person","@id":"https:\/\/www.er-sme.cz\/author\/#Person","name":"er-sme.cz","url":"https:\/\/www.er-sme.cz\/author\/","identifier":1,"image":{"@type":"ImageObject","@id":"https:\/\/secure.gravatar.com\/avatar\/383247cd769f7ac317a5bcda943ec48a3c79d996598ae4564ec21a0e178126d1?s=96&d=mm&r=g","url":"https:\/\/secure.gravatar.com\/avatar\/383247cd769f7ac317a5bcda943ec48a3c79d996598ae4564ec21a0e178126d1?s=96&d=mm&r=g","height":96,"width":96}},"publisher":{"@type":"Organization","name":"er-sme.cz","logo":{"@type":"ImageObject","@id":"\/logo.png","url":"\/logo.png","width":600,"height":60}},"image":{"@type":"ImageObject","@id":"https:\/\/www.er-sme.cz\/wp-content\/uploads\/img_a350812_w1722_t1565681322.jpg","url":"https:\/\/www.er-sme.cz\/wp-content\/uploads\/img_a350812_w1722_t1565681322.jpg","height":0,"width":0},"url":"https:\/\/www.er-sme.cz\/i-nenapadne-logo-ma-svuj-vyznam\/","about":["N\u00e1kupy"],"wordCount":401,"articleBody":"         Pokud pat\u0159\u00edte k t\u011bm, kte\u0159\u00ed cht\u011bj\u00ed propagovat svoji firmu, sportovn\u00ed klub, \u0161kolu, \u010di p\u0159\u00edmo specifickou slu\u017ebu, nebo v\u00fdrobek, pak pr\u00e1v\u011b V\u00e1m nab\u00edz\u00ed reklamn\u00ed textil od Promotextil \u0159adu od\u011bv\u016f a dopl\u0148k\u016f, kter\u00e1 V\u00e1s zviditeln\u00ed. Na\u0161e firma se zab\u00fdv\u00e1 v\u00fdrobou, dovozem a distribuc\u00ed textilu, kter\u00fd dle p\u0159\u00e1n\u00ed z\u00e1kazn\u00edka opat\u0159ujeme dle n\u00e1vrhu grafick\u00fdm potiskem, \u010di v\u00fd\u0161ivkou. Pracujeme s kvalitn\u00edm bavln\u011bn\u00fdm \u00fapletem, v p\u0159\u00edpad\u011b d\u00e1msk\u00fdch tri\u010dek p\u0159ihl\u00ed\u017e\u00edme k m\u00edrn\u011b projmut\u00e9mu st\u0159ihu a tak\u00e9 k prodlou\u017een\u00e9 d\u00e9lce.  U p\u00e1nsk\u00fdch trik, je samoz\u0159ejmost\u00ed dvojit\u00e9 pro\u0161it\u00ed v oblasti v\u00fdst\u0159ihu a ramen, kde je tkanina v\u00edce nam\u00e1h\u00e1na. Nejobl\u00edben\u011bj\u0161\u00ed kategori\u00ed jsou takzvan\u00e9 poloko\u0161ile s l\u00edme\u010dkem, kter\u00e9 se dnes st\u00e1vaj\u00ed b\u011b\u017en\u00fdm pracovn\u00edm od\u011bvem mnoha zam\u011bstnanc\u016f restaura\u010dn\u00edch za\u0159\u00edzen\u00ed, ale i oblasti zdravotnictv\u00ed a jin\u00fdch odv\u011btv\u00ed. U n\u00e1s je najdete v mnoha r\u016fzn\u00fdch barv\u00e1ch a velikostech do XXXL! Stejn\u011b tak oble\u010deme v\u0161echny, kte\u0159\u00ed se pot\u0159ebuj\u00ed zah\u0159\u00e1t do teplou\u010dk\u00fdch fleecov\u00fdch vest a mikin. Pokud pot\u0159ebujete d\u00e1rek pro sv\u00e9 obchodn\u00ed partnery, nechte si u n\u00e1s vyrobit reklamn\u00ed k\u0161iltovky, nebo ta\u0161ky ze stoprocentn\u00ed bavlny, na kter\u00e9 vy\u0161ijeme, nebo potiskneme jak\u00e9koliv logo, dle va\u0161ich po\u017eadavk\u016f.  Chcete v\u011bnovat sv\u00fdm zam\u011bstnanc\u016fm d\u00e1rek? Nen\u00ed nic jednodu\u0161\u0161\u00edho ne\u017e si u n\u00e1s objednat pro \u017eeny t\u0159\u00ed\u010dtvrte\u010dn\u00ed leg\u00edny se zaj\u00edmav\u00fdm stahov\u00e1n\u00edm nohavic, a pro mu\u017ee jsou nap\u0159\u00edklad jemn\u011b tkan\u00e9 ru\u010dn\u00edky nebo osu\u0161ky. Na tyto dva jmenovan\u00e9 druhy zbo\u017e\u00ed s oblibou nech\u00e1vaj\u00ed z\u00e1kazn\u00edci vy\u0161\u00edvat monogramy, nebo jm\u00e9na. Nejv\u011bt\u0161\u00ed popt\u00e1vka po tomto produktu je v p\u0159edv\u00e1no\u010dn\u00edm obdob\u00ed, kdy ho mnoho firem, ale i jednotlivc\u016f vol\u00ed jako praktick\u00fd d\u00e1rek sv\u00fdm bl\u00edzk\u00fdm. Pokud tedy p\u0159em\u00fd\u0161l\u00edte, jak je\u0161t\u011b v\u00edce zviditelnit va\u0161i firmu a dodat j\u00ed jednotn\u00fd styl, kter\u00fd na sv\u00e9m outfitu budou propagovat jej\u00ed zam\u011bstnanci, nev\u00e1hejte a spojte se s n\u00e1mi! R\u00e1di vyjdeme Va\u0161im po\u017eadavk\u016fm vst\u0159\u00edc!                                                                                                                                                                                                                                                                                                                                                                                           3.7\/5 - (3 votes)        "},{"@context":"https:\/\/schema.org\/","@type":"BreadcrumbList","itemListElement":[{"@type":"ListItem","position":1,"name":"I nen\u00e1padn\u00e9 logo m\u00e1 sv\u016fj v\u00fdznam","item":"https:\/\/www.er-sme.cz\/i-nenapadne-logo-ma-svuj-vyznam\/#breadcrumbitem"}]}]