[{"@context":"https:\/\/schema.org\/","@type":"Article","@id":"https:\/\/www.er-sme.cz\/jak-se-obleknout-letos-v-zime\/#Article","mainEntityOfPage":"https:\/\/www.er-sme.cz\/jak-se-obleknout-letos-v-zime\/","headline":"Jak se obl\u00e9knout letos v zim\u011b?","name":"Jak se obl\u00e9knout letos v zim\u011b?","description":"\u00a0Leto\u0161n\u00ed zima p\u0159inese do sv\u011bta m\u00f3dy mnoho (i praktick\u00fdch) novinek, kter\u00e9 jist\u011b stoj\u00ed za to zakoupit do sv\u00e9ho vlastn\u00edho \u0161atn\u00edku. Nebojte se experimentovat,...","datePublished":"2023-04-27","dateModified":"2023-04-27","author":{"@type":"Person","@id":"https:\/\/www.er-sme.cz\/author\/#Person","name":"er-sme.cz","url":"https:\/\/www.er-sme.cz\/author\/","identifier":1,"image":{"@type":"ImageObject","@id":"https:\/\/secure.gravatar.com\/avatar\/383247cd769f7ac317a5bcda943ec48a3c79d996598ae4564ec21a0e178126d1?s=96&d=mm&r=g","url":"https:\/\/secure.gravatar.com\/avatar\/383247cd769f7ac317a5bcda943ec48a3c79d996598ae4564ec21a0e178126d1?s=96&d=mm&r=g","height":96,"width":96}},"publisher":{"@type":"Organization","name":"er-sme.cz","logo":{"@type":"ImageObject","@id":"\/logo.png","url":"\/logo.png","width":600,"height":60}},"url":"https:\/\/www.er-sme.cz\/jak-se-obleknout-letos-v-zime\/","about":["M\u00f3da"],"wordCount":508,"articleBody":"\u00a0Leto\u0161n\u00ed zima p\u0159inese do sv\u011bta m\u00f3dy mnoho (i praktick\u00fdch) novinek, kter\u00e9 jist\u011b stoj\u00ed za to zakoupit do sv\u00e9ho vlastn\u00edho \u0161atn\u00edku. Nebojte se experimentovat, leto\u0161n\u00ed zima nebude typick\u00e1, ale sp\u00ed\u0161e v\u00fdst\u0159edn\u00ed.1.\u00a0\u00a0\u00a0\u00a0\u00a0\u00a0 Voln\u011bj\u0161\u00ed kalhoty (zvony, culottes\u2026)\u00a0Bohu\u017eel \u0161patn\u00e1 zpr\u00e1va pro \u017eeny a d\u00edvky men\u0161\u00edho vzr\u016fstu, proto\u017ee leto\u0161n\u00ed zim\u011b budou vl\u00e1dnout zkr\u00e1cen\u00e9 kalhoty voln\u011bj\u0161\u00edho st\u0159ihu, jako jsou pr\u00e1v\u011b culottes, s\u00a0kter\u00fdmi jsme se v\u00a0\u010cR mohli setkat ji\u017e loni. Maj\u00ed \u0161irok\u00e9 nohavice, kter\u00e9 k\u00a0tomu v\u0161emu kon\u010d\u00ed t\u011bsn\u011b nad kotn\u00edky, proto jsou pro men\u0161\u00ed \u017eeny zcela nevhodn\u00e9. Obdobn\u00e1 charakteristika by se dala pou\u017e\u00edt i pro zkr\u00e1cen\u00e9 zvony, kter\u00e9 p\u0159i\u0161ly do m\u00f3dy ji\u017e letos na ja\u0159e.2.\u00a0\u00a0\u00a0\u00a0\u00a0\u00a0 Dlouh\u00e9 kab\u00e1ty a \u0161aty\u00a0Leto\u0161n\u00ed sez\u00f3na nep\u0159eje pr\u0165av\u00fdm. V\u00a0m\u00f3d\u011b toti\u017e budou i \u0161aty p\u0159es kalhoty a dlouh\u00e9 kab\u00e1ty. \u0160aty jsou nejenom praktick\u00e9, ale v\u00a0jednobarevn\u00e9 variant\u011b vypadaj\u00ed \u00fa\u017easn\u011b! Dlouh\u00fd kab\u00e1t m\u016f\u017ee skv\u011ble zv\u00fdraznit vysokou a \u0161t\u00edhlou postavu a nemus\u00edte se b\u00e1t b\u00fdt i trochu kreativn\u011bj\u0161\u00ed, proto\u017ee rozhodn\u011b nic nezkaz\u00edte i n\u011bjak\u00fdm odv\u00e1\u017en\u011bj\u0161\u00edm vzorem.3.\u00a0\u00a0\u00a0\u00a0\u00a0\u00a0 Protich\u016fdn\u00e9 trendy\u00a0Jsou m\u00f3dn\u00ed trendy, kter\u00e9 si tak trochu \u201cproti\u0159e\u010d\u00ed\u201c \u2013 neud\u011bl\u00e1te toti\u017e chybu ani, kdy\u017e zvol\u00edte p\u00e1nsk\u00fd kost\u00fdm, ale ani kv\u011btinov\u00fdmi vzory. P\u0159i volb\u011b kalhotov\u00e9 kost\u00fdmu mus\u00edte vkusn\u011b vyb\u00edrat dopl\u0148ky, z\u00e1rove\u0148 je podstatn\u00fd i vzor samotn\u00e9ho kost\u00fdmu, proto\u017ee pamatujte, \u017ee ne ka\u017ed\u00fd vzor se hod\u00ed ke ka\u017ed\u00e9mu typu postavy. Kv\u011btinov\u00fd trend je\u0161t\u011b \u201cdoj\u00ed\u017ed\u00ed\u201c z\u00a0podzimn\u00ed sez\u00f3ny, p\u0159esto se nemus\u00edte b\u00e1t ho zvolit t\u00e9m\u011b\u0159 na v\u0161e, k\u00a0\u010demu se V\u00e1m barevn\u011b hod\u00ed (v\u011bt\u0161inou sp\u00ed\u0161e pastelov\u00e9 a jemn\u011bj\u0161\u00ed, m\u00edrn\u011bj\u0161\u00ed barvy), aby nevznikl zbyte\u010dn\u00fd dojem lacinosti.4.\u00a0\u00a0\u00a0\u00a0\u00a0\u00a0 L\u00e1tkou roku je samet\u00a0U\u017e od jara se za\u010d\u00ednaj\u00ed v\u00a0obchodech mno\u017eit kusy zbo\u017e\u00ed, kter\u00e1 jsou vyrobena ze sametu, proto ne nadarmo bych ho nazvala l\u00e1tkou roku. Ve fantazii se meze nekladou, proto ho lze skv\u011ble vyu\u017e\u00edt jak k\u00a0jednodu\u0161\u0161\u00ed viz\u00e1\u017ei, tak se do n\u011bj obl\u00e9knout t\u00e9m\u011b\u0159 cel\u00e1. D\u00e1my s\u00a0drobn\u011bj\u0161\u00ed a \u0161t\u00edhlou postavou se nemus\u00ed ob\u00e1vat ani jednobarevn\u00fdch sametov\u00fdch \u0161at\u016f, kter\u00e9 s\u00a0t\u011bmi prav\u00fdmi dopl\u0148ky mohou vypadat naprosto dokonale.5.\u00a0\u00a0\u00a0\u00a0\u00a0\u00a0 P\u00e9\u0159ovky\u00a0To nejlep\u0161\u00ed na konec \u2013 do m\u00f3dy se dostaly mohutn\u00e9 p\u00e9\u0159ov\u00e9 bundy, sp\u00ed\u0161e sportovn\u00edho ra\u017een\u00ed. V\u00a0tomto p\u0159\u00edpad\u011b m\u00f3da skv\u011ble snoub\u00ed prakti\u010dnost, pohodlnost a z\u00e1rove\u0148 n\u011bco le\u017e\u00e9rn\u011bj\u0161\u00edho. Bundu si m\u016f\u017eete vz\u00edt i k\u00a0form\u00e1ln\u011bj\u0161\u00edmu od\u011bvu, ale vyvarujte se zbyte\u010dn\u00fdch vzor\u016f a dopl\u0148k\u016f \u2013 zlat\u00fdm zdoben\u00edm za\u010d\u00ednaje a \u0161\u00edlen\u00fdch vzor\u016f kon\u010de.                                                                                                                                                                                                                                                                                                                                                                                        3.9\/5 - (7 votes)        "},{"@context":"https:\/\/schema.org\/","@type":"BreadcrumbList","itemListElement":[{"@type":"ListItem","position":1,"name":"Jak se obl\u00e9knout letos v zim\u011b?","item":"https:\/\/www.er-sme.cz\/jak-se-obleknout-letos-v-zime\/#breadcrumbitem"}]}]