[{"@context":"https:\/\/schema.org\/","@type":"Article","@id":"https:\/\/www.er-sme.cz\/mnoho-duvodu-proc-folie\/#Article","mainEntityOfPage":"https:\/\/www.er-sme.cz\/mnoho-duvodu-proc-folie\/","headline":"Mnoho d\u016fvod\u016f, pro\u010d f\u00f3lie","name":"Mnoho d\u016fvod\u016f, pro\u010d f\u00f3lie","description":"Vid\u011bli jste n\u011bkdy na ostatn\u00edch vozidlech tmav\u00e1 skla? Jestli\u017ee ano, m\u016f\u017eete si b\u00fdt jisti, \u017ee to nebyla skla obarven\u00e1, ale \u017ee na nich...","datePublished":"2023-05-16","dateModified":"2024-05-20","author":{"@type":"Person","@id":"https:\/\/www.er-sme.cz\/author\/#Person","name":"er-sme.cz","url":"https:\/\/www.er-sme.cz\/author\/","identifier":1,"image":{"@type":"ImageObject","@id":"https:\/\/secure.gravatar.com\/avatar\/383247cd769f7ac317a5bcda943ec48a3c79d996598ae4564ec21a0e178126d1?s=96&d=mm&r=g","url":"https:\/\/secure.gravatar.com\/avatar\/383247cd769f7ac317a5bcda943ec48a3c79d996598ae4564ec21a0e178126d1?s=96&d=mm&r=g","height":96,"width":96}},"publisher":{"@type":"Organization","name":"er-sme.cz","logo":{"@type":"ImageObject","@id":"\/logo.png","url":"\/logo.png","width":600,"height":60}},"url":"https:\/\/www.er-sme.cz\/mnoho-duvodu-proc-folie\/","wordCount":227,"articleBody":"Vid\u011bli jste n\u011bkdy na ostatn\u00edch vozidlech tmav\u00e1 skla? Jestli\u017ee ano, m\u016f\u017eete si b\u00fdt jisti, \u017ee to nebyla skla obarven\u00e1, ale \u017ee na nich byli nainstalovan\u00e9 autof\u00f3lie Brno. Ka\u017ed\u00fd, kdo si je nech\u00e1 nainstalovat, je velice chytr\u00fdm \u0159idi\u010dem. Mohou toti\u017e zajistit mnoho v\u00fdhod, kter\u00e9 v\u00e1m \u017e\u00e1dn\u00e1 jin\u00e1 \u00faprava ned\u00e1. V\u011bt\u0161\u00ed soukrom\u00ed, bezpe\u010d\u00ed a v neposledn\u00ed \u0159ad\u011b tak\u00e9 pohodl\u00ed, to v\u0161e v jedn\u00e9 \u00faprav\u011b, kter\u00e1 nen\u00ed v\u016fbec drah\u00e1. Ji\u017e za n\u011bkolik tis\u00edc m\u016f\u017eete m\u00edt kompletn\u011b zlep\u0161en\u00ed komfortn\u00edch vlastnost\u00ed ve va\u0161em vozidle. Zkuste to tak\u00e9 a nebudete litovat.Vyplat\u00ed se to ka\u017ed\u00e9muPokud m\u00e1te na provoz auta, jist\u011b budete m\u00edt i na tyto \u00fapravy. Vyplat\u00ed se hlavn\u011b t\u011bm, kte\u0159\u00ed \u010dasto cestuj\u00ed, a to jak v l\u00e9t\u011b, tak v zim\u011b. V\u011bt\u0161\u00ed soukrom\u00ed se bude hodit tehdy, kdy\u017e nechcete, aby se k v\u00e1m d\u00edvali lid\u00e9 p\u0159es ok\u00e9nka, a v\u011bt\u0161\u00ed bezpe\u010d\u00ed pot\u011b\u0161\u00ed v\u017edy, kdy\u017e za\u017eijete dopravn\u00ed nehodu. Co se t\u00fd\u010de pohodl\u00ed, to bude v\u011bt\u0161\u00ed p\u0159i ka\u017ed\u00e9 j\u00edzd\u011b, a to hlavn\u011b d\u00edky mo\u017enosti nepou\u017e\u00edvat klimatizaci. Ji\u017e se toti\u017e nestane, \u017ee byste m\u011bli od slunce nep\u0159\u00edjemn\u011b vyh\u0159\u00e1t\u00fd interi\u00e9r, kter\u00fd byste pot\u00e9 museli nechat odv\u011btrat.                                                                                                                                                                                                                                                                                                                                                                                        3.6\/5 - (8 votes)        "},{"@context":"https:\/\/schema.org\/","@type":"BreadcrumbList","itemListElement":[{"@type":"ListItem","position":1,"name":"Mnoho d\u016fvod\u016f, pro\u010d f\u00f3lie","item":"https:\/\/www.er-sme.cz\/mnoho-duvodu-proc-folie\/#breadcrumbitem"}]}]