{"@context":"https:\/\/schema.org\/","@type":"CollectionPage","@id":"https:\/\/www.er-sme.cz\/moda\/#CollectionPage","headline":"M\u00f3da Category","description":"","url":"https:\/\/www.er-sme.cz\/moda\/","hasPart":[{"@type":"Article","@id":"https:\/\/www.er-sme.cz\/zkracovani\/","headline":"Zkracov\u00e1n\u00ed","url":"https:\/\/www.er-sme.cz\/zkracovani\/","datePublished":"2025-03-04","dateModified":"2023-04-27","mainEntityOfPage":"https:\/\/www.er-sme.cz\/zkracovani\/","author":{"@type":"Person","@id":"https:\/\/www.er-sme.cz\/author\/#Person","name":"er-sme.cz","url":"https:\/\/www.er-sme.cz\/author\/","identifier":1,"image":{"@type":"ImageObject","@id":"https:\/\/secure.gravatar.com\/avatar\/383247cd769f7ac317a5bcda943ec48a3c79d996598ae4564ec21a0e178126d1?s=96&d=mm&r=g","url":"https:\/\/secure.gravatar.com\/avatar\/383247cd769f7ac317a5bcda943ec48a3c79d996598ae4564ec21a0e178126d1?s=96&d=mm&r=g","height":96,"width":96}},"publisher":{"@type":"Organization","name":"er-sme.cz","logo":{"@type":"ImageObject","@id":"\/logo.png","url":"\/logo.png","width":600,"height":60}},"image":{"@type":"ImageObject","@id":"https:\/\/www.er-sme.cz\/wp-content\/uploads\/img_a307757_w1722_t1518988006.jpg","url":"https:\/\/www.er-sme.cz\/wp-content\/uploads\/img_a307757_w1722_t1518988006.jpg","height":0,"width":0},"keywords":null},{"@type":"Article","@id":"https:\/\/www.er-sme.cz\/funkcni-obleceni-podle-posledni-mody\/","headline":"Funk\u010dn\u00ed oble\u010den\u00ed podle posledn\u00ed m\u00f3dy","url":"https:\/\/www.er-sme.cz\/funkcni-obleceni-podle-posledni-mody\/","datePublished":"2025-03-02","dateModified":"2023-04-27","mainEntityOfPage":"https:\/\/www.er-sme.cz\/funkcni-obleceni-podle-posledni-mody\/","author":{"@type":"Person","@id":"https:\/\/www.er-sme.cz\/author\/#Person","name":"er-sme.cz","url":"https:\/\/www.er-sme.cz\/author\/","identifier":1,"image":{"@type":"ImageObject","@id":"https:\/\/secure.gravatar.com\/avatar\/383247cd769f7ac317a5bcda943ec48a3c79d996598ae4564ec21a0e178126d1?s=96&d=mm&r=g","url":"https:\/\/secure.gravatar.com\/avatar\/383247cd769f7ac317a5bcda943ec48a3c79d996598ae4564ec21a0e178126d1?s=96&d=mm&r=g","height":96,"width":96}},"publisher":{"@type":"Organization","name":"er-sme.cz","logo":{"@type":"ImageObject","@id":"\/logo.png","url":"\/logo.png","width":600,"height":60}},"image":{"@type":"ImageObject","@id":"https:\/\/www.er-sme.cz\/wp-content\/uploads\/img_a286632_w1722_t1496238945.jpg","url":"https:\/\/www.er-sme.cz\/wp-content\/uploads\/img_a286632_w1722_t1496238945.jpg","height":0,"width":0},"keywords":null},{"@type":"Article","@id":"https:\/\/www.er-sme.cz\/cerna-dira-kabelka-kazde-zeny\/","headline":"\u010cern\u00e1 d\u00edra = Kabelka ka\u017ed\u00e9 \u017eeny!","url":"https:\/\/www.er-sme.cz\/cerna-dira-kabelka-kazde-zeny\/","datePublished":"2025-03-02","dateModified":"2023-04-27","mainEntityOfPage":"https:\/\/www.er-sme.cz\/cerna-dira-kabelka-kazde-zeny\/","author":{"@type":"Person","@id":"https:\/\/www.er-sme.cz\/author\/#Person","name":"er-sme.cz","url":"https:\/\/www.er-sme.cz\/author\/","identifier":1,"image":{"@type":"ImageObject","@id":"https:\/\/secure.gravatar.com\/avatar\/383247cd769f7ac317a5bcda943ec48a3c79d996598ae4564ec21a0e178126d1?s=96&d=mm&r=g","url":"https:\/\/secure.gravatar.com\/avatar\/383247cd769f7ac317a5bcda943ec48a3c79d996598ae4564ec21a0e178126d1?s=96&d=mm&r=g","height":96,"width":96}},"publisher":{"@type":"Organization","name":"er-sme.cz","logo":{"@type":"ImageObject","@id":"\/logo.png","url":"\/logo.png","width":600,"height":60}},"image":{"@type":"ImageObject","@id":"https:\/\/www.er-sme.cz\/wp-content\/uploads\/img_a299154_w1722_t1509185142.jpg","url":"https:\/\/www.er-sme.cz\/wp-content\/uploads\/img_a299154_w1722_t1509185142.jpg","height":0,"width":0},"keywords":null},{"@type":"Article","@id":"https:\/\/www.er-sme.cz\/modni-tipy-ktere-vam-pomohou-k-perfektni-stihle-postave\/","headline":"M\u00f3dn\u00ed tipy, kter\u00e9 v\u00e1m pomohou k perfektn\u00ed \u0161t\u00edhl\u00e9 postav\u011b","url":"https:\/\/www.er-sme.cz\/modni-tipy-ktere-vam-pomohou-k-perfektni-stihle-postave\/","datePublished":"2023-04-27","dateModified":"2023-04-27","mainEntityOfPage":"https:\/\/www.er-sme.cz\/modni-tipy-ktere-vam-pomohou-k-perfektni-stihle-postave\/","author":{"@type":"Person","@id":"https:\/\/www.er-sme.cz\/author\/#Person","name":"er-sme.cz","url":"https:\/\/www.er-sme.cz\/author\/","identifier":1,"image":{"@type":"ImageObject","@id":"https:\/\/secure.gravatar.com\/avatar\/383247cd769f7ac317a5bcda943ec48a3c79d996598ae4564ec21a0e178126d1?s=96&d=mm&r=g","url":"https:\/\/secure.gravatar.com\/avatar\/383247cd769f7ac317a5bcda943ec48a3c79d996598ae4564ec21a0e178126d1?s=96&d=mm&r=g","height":96,"width":96}},"publisher":{"@type":"Organization","name":"er-sme.cz","logo":{"@type":"ImageObject","@id":"\/logo.png","url":"\/logo.png","width":600,"height":60}},"image":null,"keywords":null},{"@type":"Article","@id":"https:\/\/www.er-sme.cz\/jak-se-obleknout-letos-v-zime\/","headline":"Jak se obl\u00e9knout letos v zim\u011b?","url":"https:\/\/www.er-sme.cz\/jak-se-obleknout-letos-v-zime\/","datePublished":"2023-04-27","dateModified":"2023-04-27","mainEntityOfPage":"https:\/\/www.er-sme.cz\/jak-se-obleknout-letos-v-zime\/","author":{"@type":"Person","@id":"https:\/\/www.er-sme.cz\/author\/#Person","name":"er-sme.cz","url":"https:\/\/www.er-sme.cz\/author\/","identifier":1,"image":{"@type":"ImageObject","@id":"https:\/\/secure.gravatar.com\/avatar\/383247cd769f7ac317a5bcda943ec48a3c79d996598ae4564ec21a0e178126d1?s=96&d=mm&r=g","url":"https:\/\/secure.gravatar.com\/avatar\/383247cd769f7ac317a5bcda943ec48a3c79d996598ae4564ec21a0e178126d1?s=96&d=mm&r=g","height":96,"width":96}},"publisher":{"@type":"Organization","name":"er-sme.cz","logo":{"@type":"ImageObject","@id":"\/logo.png","url":"\/logo.png","width":600,"height":60}},"image":null,"keywords":null},{"@type":"Article","@id":"https:\/\/www.er-sme.cz\/ofina-modni-peklo-nebo-zpusob-jak-ozivit-uces\/","headline":"Ofina \u2013 m\u00f3dn\u00ed peklo nebo zp\u016fsob jak o\u017eivit \u00fa\u010des?","url":"https:\/\/www.er-sme.cz\/ofina-modni-peklo-nebo-zpusob-jak-ozivit-uces\/","datePublished":"2023-04-27","dateModified":"2023-04-27","mainEntityOfPage":"https:\/\/www.er-sme.cz\/ofina-modni-peklo-nebo-zpusob-jak-ozivit-uces\/","author":{"@type":"Person","@id":"https:\/\/www.er-sme.cz\/author\/#Person","name":"er-sme.cz","url":"https:\/\/www.er-sme.cz\/author\/","identifier":1,"image":{"@type":"ImageObject","@id":"https:\/\/secure.gravatar.com\/avatar\/383247cd769f7ac317a5bcda943ec48a3c79d996598ae4564ec21a0e178126d1?s=96&d=mm&r=g","url":"https:\/\/secure.gravatar.com\/avatar\/383247cd769f7ac317a5bcda943ec48a3c79d996598ae4564ec21a0e178126d1?s=96&d=mm&r=g","height":96,"width":96}},"publisher":{"@type":"Organization","name":"er-sme.cz","logo":{"@type":"ImageObject","@id":"\/logo.png","url":"\/logo.png","width":600,"height":60}},"image":null,"keywords":null},{"@type":"Article","@id":"https:\/\/www.er-sme.cz\/manikura-ktera-vydrzi\/","headline":"Manik\u00fara, kter\u00e1 vydr\u017e\u00ed","url":"https:\/\/www.er-sme.cz\/manikura-ktera-vydrzi\/","datePublished":"2023-04-27","dateModified":"2023-04-27","mainEntityOfPage":"https:\/\/www.er-sme.cz\/manikura-ktera-vydrzi\/","author":{"@type":"Person","@id":"https:\/\/www.er-sme.cz\/author\/#Person","name":"er-sme.cz","url":"https:\/\/www.er-sme.cz\/author\/","identifier":1,"image":{"@type":"ImageObject","@id":"https:\/\/secure.gravatar.com\/avatar\/383247cd769f7ac317a5bcda943ec48a3c79d996598ae4564ec21a0e178126d1?s=96&d=mm&r=g","url":"https:\/\/secure.gravatar.com\/avatar\/383247cd769f7ac317a5bcda943ec48a3c79d996598ae4564ec21a0e178126d1?s=96&d=mm&r=g","height":96,"width":96}},"publisher":{"@type":"Organization","name":"er-sme.cz","logo":{"@type":"ImageObject","@id":"\/logo.png","url":"\/logo.png","width":600,"height":60}},"image":null,"keywords":null},{"@type":"Article","@id":"https:\/\/www.er-sme.cz\/pujdeme-na-ples\/","headline":"P\u016fjdeme na ples!","url":"https:\/\/www.er-sme.cz\/pujdeme-na-ples\/","datePublished":"2019-09-19","dateModified":"2023-04-27","mainEntityOfPage":"https:\/\/www.er-sme.cz\/pujdeme-na-ples\/","author":{"@type":"Person","@id":"https:\/\/www.er-sme.cz\/author\/#Person","name":"er-sme.cz","url":"https:\/\/www.er-sme.cz\/author\/","identifier":1,"image":{"@type":"ImageObject","@id":"https:\/\/secure.gravatar.com\/avatar\/383247cd769f7ac317a5bcda943ec48a3c79d996598ae4564ec21a0e178126d1?s=96&d=mm&r=g","url":"https:\/\/secure.gravatar.com\/avatar\/383247cd769f7ac317a5bcda943ec48a3c79d996598ae4564ec21a0e178126d1?s=96&d=mm&r=g","height":96,"width":96}},"publisher":{"@type":"Organization","name":"er-sme.cz","logo":{"@type":"ImageObject","@id":"\/logo.png","url":"\/logo.png","width":600,"height":60}},"image":{"@type":"ImageObject","@id":"https:\/\/www.er-sme.cz\/wp-content\/uploads\/img_a362298_w1722_t1575362141.jpg","url":"https:\/\/www.er-sme.cz\/wp-content\/uploads\/img_a362298_w1722_t1575362141.jpg","height":0,"width":0},"keywords":null},{"@type":"Article","@id":"https:\/\/www.er-sme.cz\/bude-mit-mimi-doma-vsechno\/","headline":"Bude m\u00edt mimi doma v\u0161echno?","url":"https:\/\/www.er-sme.cz\/bude-mit-mimi-doma-vsechno\/","datePublished":"2019-09-04","dateModified":"2023-04-27","mainEntityOfPage":"https:\/\/www.er-sme.cz\/bude-mit-mimi-doma-vsechno\/","author":{"@type":"Person","@id":"https:\/\/www.er-sme.cz\/author\/#Person","name":"er-sme.cz","url":"https:\/\/www.er-sme.cz\/author\/","identifier":1,"image":{"@type":"ImageObject","@id":"https:\/\/secure.gravatar.com\/avatar\/383247cd769f7ac317a5bcda943ec48a3c79d996598ae4564ec21a0e178126d1?s=96&d=mm&r=g","url":"https:\/\/secure.gravatar.com\/avatar\/383247cd769f7ac317a5bcda943ec48a3c79d996598ae4564ec21a0e178126d1?s=96&d=mm&r=g","height":96,"width":96}},"publisher":{"@type":"Organization","name":"er-sme.cz","logo":{"@type":"ImageObject","@id":"\/logo.png","url":"\/logo.png","width":600,"height":60}},"image":{"@type":"ImageObject","@id":"https:\/\/www.er-sme.cz\/wp-content\/uploads\/img_a342194_w1702_t1555068353.jpg","url":"https:\/\/www.er-sme.cz\/wp-content\/uploads\/img_a342194_w1702_t1555068353.jpg","height":0,"width":0},"keywords":null},{"@type":"Article","@id":"https:\/\/www.er-sme.cz\/zeny-a-jejich-tasky\/","headline":"\u017deny a jejich ta\u0161ky","url":"https:\/\/www.er-sme.cz\/zeny-a-jejich-tasky\/","datePublished":"2019-06-27","dateModified":"2023-04-27","mainEntityOfPage":"https:\/\/www.er-sme.cz\/zeny-a-jejich-tasky\/","author":{"@type":"Person","@id":"https:\/\/www.er-sme.cz\/author\/#Person","name":"er-sme.cz","url":"https:\/\/www.er-sme.cz\/author\/","identifier":1,"image":{"@type":"ImageObject","@id":"https:\/\/secure.gravatar.com\/avatar\/383247cd769f7ac317a5bcda943ec48a3c79d996598ae4564ec21a0e178126d1?s=96&d=mm&r=g","url":"https:\/\/secure.gravatar.com\/avatar\/383247cd769f7ac317a5bcda943ec48a3c79d996598ae4564ec21a0e178126d1?s=96&d=mm&r=g","height":96,"width":96}},"publisher":{"@type":"Organization","name":"er-sme.cz","logo":{"@type":"ImageObject","@id":"\/logo.png","url":"\/logo.png","width":600,"height":60}},"image":{"@type":"ImageObject","@id":"https:\/\/www.er-sme.cz\/wp-content\/uploads\/img_a346736_w1722_t1561029208.jpg","url":"https:\/\/www.er-sme.cz\/wp-content\/uploads\/img_a346736_w1722_t1561029208.jpg","height":0,"width":0},"keywords":null}]}