[{"@context":"https:\/\/schema.org\/","@type":"Article","@id":"https:\/\/www.er-sme.cz\/na-dovolenou-na-zahradu\/#Article","mainEntityOfPage":"https:\/\/www.er-sme.cz\/na-dovolenou-na-zahradu\/","headline":"Na dovolenou na zahradu","name":"Na dovolenou na zahradu","description":"Pokud si mysl\u00edte, \u017ee v\u00e1s pos\u00edl\u00e1m na zahradu p\u0159ed d\u016fm, nebo na zahradu u chaty, jste na omylu. Jen \u010dirou n\u00e1hodoujsem vytipoval 4...","datePublished":"2025-03-02","dateModified":"2023-04-27","author":{"@type":"Person","@id":"https:\/\/www.er-sme.cz\/author\/#Person","name":"er-sme.cz","url":"https:\/\/www.er-sme.cz\/author\/","identifier":1,"image":{"@type":"ImageObject","@id":"https:\/\/secure.gravatar.com\/avatar\/383247cd769f7ac317a5bcda943ec48a3c79d996598ae4564ec21a0e178126d1?s=96&d=mm&r=g","url":"https:\/\/secure.gravatar.com\/avatar\/383247cd769f7ac317a5bcda943ec48a3c79d996598ae4564ec21a0e178126d1?s=96&d=mm&r=g","height":96,"width":96}},"publisher":{"@type":"Organization","name":"er-sme.cz","logo":{"@type":"ImageObject","@id":"\/logo.png","url":"\/logo.png","width":600,"height":60}},"image":{"@type":"ImageObject","@id":"https:\/\/www.er-sme.cz\/wp-content\/uploads\/img_a342330_w1722_t1555161978.jpg","url":"https:\/\/www.er-sme.cz\/wp-content\/uploads\/img_a342330_w1722_t1555161978.jpg","height":0,"width":0},"url":"https:\/\/www.er-sme.cz\/na-dovolenou-na-zahradu\/","about":["Dovolen\u00e1"],"wordCount":401,"articleBody":"Pokud si mysl\u00edte, \u017ee v\u00e1s pos\u00edl\u00e1m na zahradu p\u0159ed d\u016fm, nebo na zahradu u chaty, jste na omylu. Jen \u010dirou n\u00e1hodoujsem vytipoval 4 zahrady, a to okrasn\u00e9, ne zeleninov\u00fdch, kter\u00e9 byste mohli v r\u00e1mci dovolen\u00e9 nav\u0161t\u00edvit. Ka\u017ed\u00e1 z nich m\u00e1 sv\u00e9 kouzlo a ka\u017ed\u00e1 z nich je hezk\u00e1 v n\u011b\u010dem jin\u00e9m. Spole\u010dn\u00e9 maj\u00ed jen kv\u011btiny a n\u011bkter\u00e9 ani ty ne. Nu\u017ee, poj\u010fme se pod\u00edvat.Versaillesk\u00e9 zahradyjsou ve Francii. Nechal je vybudovat u\u017e Ludv\u00edk XIV. Najdete zde tr\u00e1vn\u00edkov\u00fd koberec, font\u00e1ny, vodn\u00ed n\u00e1dr\u017ee a terasy s otev\u0159en\u00fdmi partery. Tak\u00e9 zde najdete dva z\u00e1mky, Velk\u00fd a Mal\u00fd Trianon. Zde pob\u00fdvali velc\u00ed st\u00e1tn\u00edci. Nap\u0159\u00edklad Napoleon Bonaparte zde dokonce nechal postavit most vedouc\u00ed k Mal\u00e9mu Trianonu. Pozor, vstup do zahrady je placen\u00fd.A nyn\u00ed se prolet\u00edme za oce\u00e1n, a p\u0159istaneme a\u017e v Kanad\u011b. Zde m\u016f\u017eete nav\u0161t\u00edvit m\u00e9n\u011b zn\u00e1m\u00e9 Butchartovy zahrady. Na rozd\u00edl od ploch\u00e9 a rovinat\u00e9 zahrady ve Francii, zde je to prav\u00fd opak. On je to toti\u017e p\u016fvodn\u011b vyt\u011b\u017een\u00fd d\u016fl, kter\u00fd nechala man\u017eelka pana Butcharta zav\u00e9zt zeminou a t\u00edm vznikla tato zahrada, kde je skute\u010dn\u011b na co se d\u00edvat. Nejen na kytky, ale tak\u00e9 na pt\u00e1ky, kter\u00fdch zde je opravdu velk\u00e9 mno\u017estv\u00ed a sv\u00fdm zp\u011bvem dod\u00e1vaj\u00ed tomuto m\u00edstu skv\u011blou atmosf\u00e9ru.Na z\u00e1v\u011br jsem si nechal dom\u00e1c\u00ed zahradu, a to v Praze. Asi se nebude moci rovnat sv\u00e9 francouzsk\u00e9 kolegyni, t\u00edm m\u00e9n\u011b t\u00e9 kanadsk\u00e9, ale je na\u0161e a je hezk\u00e1. Nen\u00ed tak\u00e9 jednotn\u00e1, tedy, jedna. Jde sp\u00ed\u0161e o komplex zahrad v pet\u0159\u00ednsk\u00fdch sadech.Zahrada Kinsk\u00fdch a Semin\u00e1\u0159sk\u00e1 zahrada za n\u00e1v\u0161t\u011bvu jist\u011b stoj\u00ed a nen\u00ed t\u0159eba l\u00edtat za oce\u00e1n, ani opou\u0161t\u011bt republiku. Ostatn\u011b, kdybyste to m\u011bli do Prahy daleko, tak zkuste Krom\u011b\u0159\u00ed\u017e. Zdej\u0161\u00ed Kv\u011btn\u00e1 zahrada, zvan\u00e1 tak\u00e9 Libosad se v\u00e1m jist\u011b bude l\u00edbit. I zde je vstupn\u00e9 placen\u00e9, ale v\u011b\u0159\u00edm \u017ee ta necel\u00e1 stokoruna za osobu nen\u00ed zase tak hodn\u011b.Nu\u017ee, vybrali jste si? Tak nelze nic v\u00edce ne\u017e v\u00e1m pop\u0159\u00e1t neru\u0161enou n\u00e1v\u0161t\u011bvu. \u00a0\u00a0                                                                                                                                                                                                                                                                                                                                                                                        4.8\/5 - (6 votes)        "},{"@context":"https:\/\/schema.org\/","@type":"BreadcrumbList","itemListElement":[{"@type":"ListItem","position":1,"name":"Na dovolenou na zahradu","item":"https:\/\/www.er-sme.cz\/na-dovolenou-na-zahradu\/#breadcrumbitem"}]}]