[{"@context":"https:\/\/schema.org\/","@type":"Article","@id":"https:\/\/www.er-sme.cz\/na-hory-za-odpocinkem\/#Article","mainEntityOfPage":"https:\/\/www.er-sme.cz\/na-hory-za-odpocinkem\/","headline":"Na hory za odpo\u010dinkem","name":"Na hory za odpo\u010dinkem","description":"\u010clov\u011bku se v\u017edycky n\u00e1ramn\u011b hod\u00ed, kdy\u017e se v\u00a0tom, co pr\u00e1v\u011b d\u011bl\u00e1, m\u00e1 na koho obr\u00e1tit. A vy zrovna te\u010f stav\u00edte horskou chatu. Anebo...","datePublished":"2024-11-01","dateModified":"2024-11-01","author":{"@type":"Person","@id":"https:\/\/www.er-sme.cz\/author\/#Person","name":"er-sme.cz","url":"https:\/\/www.er-sme.cz\/author\/","identifier":1,"image":{"@type":"ImageObject","@id":"https:\/\/secure.gravatar.com\/avatar\/383247cd769f7ac317a5bcda943ec48a3c79d996598ae4564ec21a0e178126d1?s=96&d=mm&r=g","url":"https:\/\/secure.gravatar.com\/avatar\/383247cd769f7ac317a5bcda943ec48a3c79d996598ae4564ec21a0e178126d1?s=96&d=mm&r=g","height":96,"width":96}},"publisher":{"@type":"Organization","name":"er-sme.cz","logo":{"@type":"ImageObject","@id":"\/logo.png","url":"\/logo.png","width":600,"height":60}},"url":"https:\/\/www.er-sme.cz\/na-hory-za-odpocinkem\/","wordCount":249,"articleBody":"\t\u010clov\u011bku se v\u017edycky n\u00e1ramn\u011b hod\u00ed, kdy\u017e se v\u00a0tom, co pr\u00e1v\u011b d\u011bl\u00e1, m\u00e1 na koho obr\u00e1tit. A vy zrovna te\u010f stav\u00edte horskou chatu. Anebo sp\u00ed\u0161 takovou men\u0161\u00ed chati\u010dku nic monument\u00e1ln\u00edho, proto\u017ee jste si s\u00a0man\u017eelem \u0159ekli, \u017ee str\u00e1vit cel\u00fd \u017eivot jen ve velkom\u011bst\u011b by byla \u0161koda a promarn\u011bn\u00e1 p\u0159\u00edle\u017eitost. Velkom\u011bsto je sice tak\u00e9 skv\u011bl\u00e9, ov\u0161em pouze co se nakupov\u00e1n\u00ed a doch\u00e1zky do pr\u00e1ce t\u00fd\u010de. Jinak byste jednozna\u010dn\u011b volila vesnici. A tak se j\u00ed sna\u017e\u00edte dotknout alespo\u0148 t\u00edmto zp\u016fsobem.\tM\u00e1te se na koho obr\u00e1titA je skv\u011bl\u00e9, \u017ee to hlavn\u00ed, co ke v\u0161emu pot\u0159ebujete je dostatek pen\u011bz na stavbu. Va\u0161e sestra toti\u017e pracuje jako realitn\u00ed makl\u00e9\u0159ka, a tak se postarala o to, aby v\u00e1m vyhl\u00e9dla ten nejlep\u0161\u00ed pozemek \u0161iroko daleko, a nav\u00edc za skv\u011blou cenu. A man\u017eel\u016fv bratr je zase architekt a ten se pro zm\u011bnu star\u00e1 o to, aby va\u0161e chata vypadala k\u00a0sv\u011btu. Tak\u017ee v\u00e1m pom\u00e1h\u00e1 s\u00a0volbou t\u011bch prav\u00fdch materi\u00e1l\u016f jako jsou kvalitn\u00ed cihly a plechov\u00e1 krytina na st\u0159echu. Ta pr\u00fd klidn\u011b vydr\u017e\u00ed i vich\u0159ici, a tak se v\u00a0tamn\u00edch podm\u00ednk\u00e1ch nemus\u00edte ob\u00e1vat, \u017ee by v\u00e1m n\u00e1hodou n\u011bkdy ulet\u011bla st\u0159echa nad hlavou.                                                                                                                                                                                                                                                                                                                                                                                        5\/5 - (4 votes)        "},{"@context":"https:\/\/schema.org\/","@type":"BreadcrumbList","itemListElement":[{"@type":"ListItem","position":1,"name":"Na hory za odpo\u010dinkem","item":"https:\/\/www.er-sme.cz\/na-hory-za-odpocinkem\/#breadcrumbitem"}]}]