[{"@context":"https:\/\/schema.org\/","@type":"Article","@id":"https:\/\/www.er-sme.cz\/ofina-modni-peklo-nebo-zpusob-jak-ozivit-uces\/#Article","mainEntityOfPage":"https:\/\/www.er-sme.cz\/ofina-modni-peklo-nebo-zpusob-jak-ozivit-uces\/","headline":"Ofina \u2013 m\u00f3dn\u00ed peklo nebo zp\u016fsob jak o\u017eivit \u00fa\u010des?","name":"Ofina \u2013 m\u00f3dn\u00ed peklo nebo zp\u016fsob jak o\u017eivit \u00fa\u010des?","description":"Ofina V\u00e1s omlad\u00ed a v\u00fdrazn\u011b zm\u011bn\u00ed Va\u0161\u00ed image. Sed\u00ed ke ka\u017ed\u00e9mu tvaru obli\u010deje, jen si mus\u00edte um\u011bt spr\u00e1vn\u011b vybrat a potom V\u00e1s nov\u00fd...","datePublished":"2023-04-27","dateModified":"2023-04-27","author":{"@type":"Person","@id":"https:\/\/www.er-sme.cz\/author\/#Person","name":"er-sme.cz","url":"https:\/\/www.er-sme.cz\/author\/","identifier":1,"image":{"@type":"ImageObject","@id":"https:\/\/secure.gravatar.com\/avatar\/383247cd769f7ac317a5bcda943ec48a3c79d996598ae4564ec21a0e178126d1?s=96&d=mm&r=g","url":"https:\/\/secure.gravatar.com\/avatar\/383247cd769f7ac317a5bcda943ec48a3c79d996598ae4564ec21a0e178126d1?s=96&d=mm&r=g","height":96,"width":96}},"publisher":{"@type":"Organization","name":"er-sme.cz","logo":{"@type":"ImageObject","@id":"\/logo.png","url":"\/logo.png","width":600,"height":60}},"url":"https:\/\/www.er-sme.cz\/ofina-modni-peklo-nebo-zpusob-jak-ozivit-uces\/","about":["M\u00f3da"],"wordCount":569,"articleBody":"Ofina V\u00e1s omlad\u00ed a v\u00fdrazn\u011b zm\u011bn\u00ed Va\u0161\u00ed image. Sed\u00ed ke ka\u017ed\u00e9mu tvaru obli\u010deje, jen si mus\u00edte um\u011bt spr\u00e1vn\u011b vybrat a potom V\u00e1s nov\u00fd typ \u00fa\u010desu nem\u016f\u017ee nemile p\u0159ekvapit. Pokud vyberete vhodn\u00fd tvar, je ofina schopna zakr\u00fdt i mnoho nedostatk\u016f.\t\tPodle tvaru obli\u010deje\u00a0Tvar obli\u010deje nen\u00ed t\u011b\u017ek\u00e9 poznat, st\u00e1hn\u011bte si vlasy dozadu a potom si po\u0159\u00e1dn\u011b prohl\u00eddn\u011bte sv\u016fj obli\u010dej v\u00a0zrcadle. Ur\u010dit\u011b n\u011bkter\u00e1 z\u00a0n\u00e1sleduj\u00edc\u00edch charakteristik na V\u00e1s budu sed\u011bt.Kulat\u00fd obli\u010dej\u00a0Pokud je V\u00e1\u0161 obli\u010dej sp\u00ed\u0161e stejn\u011b dlouh\u00fd jako \u0161irok\u00fd, m\u00e1te pom\u011brn\u011b v\u00fdrazn\u00e9 tv\u00e1\u0159e a m\u00e9n\u011b v\u00fdraznou bradu, pravd\u011bpodobn\u011b m\u00e1te tento typ obli\u010deje.\u00a0Va\u0161\u00edm c\u00edlem by m\u011blo b\u00fdt optick\u00e9 prodlou\u017een\u00ed tv\u00e1\u0159e, k\u00a0\u010demu\u017e je ide\u00e1ln\u00ed del\u0161\u00ed vrstven\u00e1 (prost\u0159\u00edhan\u00e1) ofina, nejl\u00e9pe sp\u00ed\u0161e k\u00a0jedn\u00e9 stran\u011b. Sna\u017ete se moc nezakr\u00fdvat \u010delo, nem\u00edt p\u0159\u00edli\u0161 hustou ofinu \u2013 to v\u0161e podtrhuje nelichotiv\u00e9 rysy kulat\u00e9ho obli\u010deje. V\u00a0\u017e\u00e1dn\u00e9m p\u0159\u00edpad\u011b nen\u00ed vhodn\u00e1 rovn\u011b st\u0159i\u017een\u00e1 ofina a\u017e k\u00a0obo\u010d\u00ed, proto\u017ee obli\u010dej d\u011bl\u00e1 opticky je\u0161t\u011b krat\u0161\u00edm.Ov\u00e1ln\u00fd obli\u010dej\u00a0Majitel\u00e9 tohohle tvaru obli\u010deje by m\u011bli b\u00fdt velmi \u0161\u0165astn\u00ed, proto\u017ee z\u00a0hlediska ofin je pova\u017eov\u00e1n za ide\u00e1l, kter\u00fd si m\u016f\u017ee dovolit prakticky cokoliv. Pozn\u00e1te ho tak, \u017ee m\u00e1te o n\u011bco del\u0161\u00ed obli\u010dej ne\u017e \u0161ir\u0161\u00ed, v\u00fdrazn\u011bj\u0161\u00ed l\u00edcn\u00ed kosti, jemn\u011bj\u0161\u00ed bradu a ani p\u0159\u00edli\u0161 dlouh\u00e9, ani p\u0159\u00edli\u0161 kr\u00e1tk\u00e9 \u010delo. Lid\u00ed s\u00a0t\u00edmto tvarem obli\u010deje je v\u0161ak pom\u00e1lu.\u00a0Teoreticky byste nem\u011bli ud\u011blat chybu \u017e\u00e1dn\u00fdm typem ofiny, bohu\u017eel i zde je h\u00e1\u010dek. Spousta lid\u00ed si mysl\u00ed, \u017ee m\u00e1 ov\u00e1ln\u00fd obli\u010dej, mnohdy to ale nen\u00ed pravda. Pokud na V\u00e1s pasuje i n\u011bjak\u00fd jin\u00fd znak jin\u00e9ho tvaru obli\u010deje, rad\u0161i zkuste vhodnou ofinu pro n\u011bj, abyste pozd\u011bji nelitovali n\u011bjak\u00e9 zbyte\u010dn\u00e9 chyby.Troj\u00faheln\u00edkov\u00fd obli\u010dej\u00a0Pro tento obli\u010dej je charakteristick\u00e9 \u0161ir\u0161\u00ed \u010delo. Obli\u010dej se postupn\u011b zu\u017euje a\u017e do\u0161pi\u010dat\u011bj\u0161\u00ed brady.\u00a0\u0158\u00edk\u00e1 se, \u017ee pro tento typ by m\u011bla b\u00fdt ofina nebo aspo\u0148 patka samoz\u0159ejmost\u00ed, proto\u017ee dok\u00e1\u017ee skv\u011ble zakr\u00fdt jeho nelichotiv\u00e9 \u010d\u00e1sti. Ide\u00e1ln\u00ed by byla jemn\u011bj\u0161\u00ed, vzdu\u0161n\u00e1 ofina, nejl\u00e9pe ke stran\u011b. Vyvarujte se hust\u00fdm ofin\u00e1m a p\u0159\u00edli\u0161 symetrick\u00fdm a geometrick\u00fdm typ\u016fm ofin.\t\u00dadr\u017eba ofiny\u00a0Je d\u016fle\u017eit\u00e9 si p\u0159edem uv\u011bdomit, \u017ee p\u00e9\u010de o ofinu je pom\u011brn\u011b \u010dasov\u011b n\u00e1ro\u010dn\u00e1 a je dokonce pot\u0159eba k\u00a0tomu m\u00edt ur\u010dit\u00e9 vybaven\u00ed &#8211;\u00a0 minim\u00e1ln\u011b \u017eehli\u010dku (obzvl\u00e1\u0161\u0165 jestli nem\u00e1te \u00fapln\u011b rovn\u00e9 vlasy) a kulat\u00fd kart\u00e1\u010d. Pravideln\u00e1 n\u00e1v\u0161t\u011bva kade\u0159n\u00edka je samoz\u0159ejmou nutnost\u00ed. Ofina se v\u017edy bude mastit rychleji, tak\u017ee si pravd\u011bpodobn\u011b budete muset aspo\u0148 ofinu m\u00fdt ka\u017ed\u00fd den. Ob\u010das se to d\u00e1 obej\u00edt such\u00fdm \u0161amponem, ale nejde to moc \u010dasto. Celkov\u011b po umyt\u00ed si mus\u00edte vlasy vyfoukat p\u0159es kulat\u00fd kart\u00e1\u010d, pou\u017e\u00edt tu\u017eidlo, eventu\u00e1ln\u011b \u017eehli\u010dku a lak na vlasy.                                                                                                                                                                                                                                                                                                                                                                                        4.7\/5 - (8 votes)        "},{"@context":"https:\/\/schema.org\/","@type":"BreadcrumbList","itemListElement":[{"@type":"ListItem","position":1,"name":"Ofina \u2013 m\u00f3dn\u00ed peklo nebo zp\u016fsob jak o\u017eivit \u00fa\u010des?","item":"https:\/\/www.er-sme.cz\/ofina-modni-peklo-nebo-zpusob-jak-ozivit-uces\/#breadcrumbitem"}]}]