[{"@context":"https:\/\/schema.org\/","@type":"Article","@id":"https:\/\/www.er-sme.cz\/osvetleni-domu-ci-bytu-nebylo-nikdy-vice-in\/#Article","mainEntityOfPage":"https:\/\/www.er-sme.cz\/osvetleni-domu-ci-bytu-nebylo-nikdy-vice-in\/","headline":"Osv\u011btlen\u00ed domu \u010di bytu nebylo nikdy v\u00edce in!","name":"Osv\u011btlen\u00ed domu \u010di bytu nebylo nikdy v\u00edce in!","description":"Snad na ka\u017ed\u00e9m rohu dnes v\u00edd\u00e1me spoustu osv\u011btlen\u00fdch kr\u00e1mk\u016f, oken a dve\u0159\u00ed. V ka\u017ed\u00e9m z n\u00e1s to alespo\u0148 trochu navod\u00ed v\u00e1no\u010dn\u00ed atmosf\u00e9ru, kter\u00e1...","datePublished":"2025-03-02","dateModified":"2023-04-27","author":{"@type":"Person","@id":"https:\/\/www.er-sme.cz\/author\/#Person","name":"er-sme.cz","url":"https:\/\/www.er-sme.cz\/author\/","identifier":1,"image":{"@type":"ImageObject","@id":"https:\/\/secure.gravatar.com\/avatar\/383247cd769f7ac317a5bcda943ec48a3c79d996598ae4564ec21a0e178126d1?s=96&d=mm&r=g","url":"https:\/\/secure.gravatar.com\/avatar\/383247cd769f7ac317a5bcda943ec48a3c79d996598ae4564ec21a0e178126d1?s=96&d=mm&r=g","height":96,"width":96}},"publisher":{"@type":"Organization","name":"er-sme.cz","logo":{"@type":"ImageObject","@id":"\/logo.png","url":"\/logo.png","width":600,"height":60}},"image":{"@type":"ImageObject","@id":"https:\/\/www.er-sme.cz\/wp-content\/uploads\/img_a304087_w2027_t1515064957.jpg","url":"https:\/\/www.er-sme.cz\/wp-content\/uploads\/img_a304087_w2027_t1515064957.jpg","height":0,"width":0},"url":"https:\/\/www.er-sme.cz\/osvetleni-domu-ci-bytu-nebylo-nikdy-vice-in\/","about":["Elektro"],"wordCount":411,"articleBody":"\tSnad na ka\u017ed\u00e9m rohu dnes v\u00edd\u00e1me spoustu osv\u011btlen\u00fdch kr\u00e1mk\u016f, oken a dve\u0159\u00ed. V ka\u017ed\u00e9m z n\u00e1s to alespo\u0148 trochu navod\u00ed v\u00e1no\u010dn\u00ed atmosf\u00e9ru, kter\u00e1 se kvapem bl\u00ed\u017e\u00ed. Zvolit spr\u00e1vn\u00e9 osv\u011btlen\u00ed je \u00fakol velmi slo\u017eit\u00fd. V\u0161e se odv\u00edj\u00ed od strany, na kterou m\u00e1 n\u00e1\u0161 byt \u010di d\u016fm v\u00edce oken, od atmosf\u00e9ry, kterou chceme vytvo\u0159it, od typu sv\u011btla, kter\u00fd n\u00e1m vad\u00ed nebo podle toho, jestli pracujeme dlouho do noci \u010di nikoliv. Jak\u00e1 sv\u011btla tedy volit a pro\u010d bychom m\u011bli do lampy nebo jen mal\u00e9 \u017e\u00e1rovky zainvestovat a \u0161et\u0159it n\u011bkde jinde? pro n\u00e1sleduj\u00edc\u00ed informace \u010dt\u011bte v\u00edce!\t\tMal\u00e1 LED sv\u011btlaTato sv\u011btla se\u017eenete ve v\u0161ech r\u016fzn\u00fdch proveden\u00edch. A\u0165 u\u017e mal\u00e1 v\u00e1no\u010dn\u00ed sv\u011bt\u00e9lka, um\u011bl\u00e9 LED sv\u00ed\u010dky nebo nalepovac\u00ed p\u00e1s LED sv\u011bt\u00fdlek nad kuchy\u0148skou linku. Jejich v\u00fdhodou je jednozna\u010dn\u011b opravdu n\u00edzk\u00e1 spot\u0159eba, d\u00e1le pak dlouh\u00e1 \u017eivotnost a prakti\u010dnost. Jsou tak\u00e9 mnohem \u0161etrn\u011bj\u0161\u00ed k \u017eivotn\u00edmu prost\u0159ed\u00ed. Na druhou stranu p\u016fsob\u00ed v\u017edy velmi chladn\u00fdm dojmem, sv\u00edt\u00ed barvou do b\u00edla, tud\u00ed\u017e se nehod\u00ed moc do d\u011btsk\u00fdch pokoj\u016f, doporu\u010dujeme sp\u00ed\u0161e pracovn\u00ed m\u00edstnosti.\tVelk\u00e9 lampy do ob\u00fdvac\u00edho pokojeOb\u00fdvac\u00ed pokoj bez stojac\u00ed lampy nen\u00ed podle n\u00e1s ob\u00fdvac\u00ed pokoj. Dod\u00e1v\u00e1 m\u00edstnosti v\u011bt\u0161\u00ed \u00fatulnost a pocit kompletnosti. Lamp je jako LED osv\u011btlen\u00ed hned n\u011bkolik druh\u016f. Nej\u017e\u00e1dan\u011bj\u0161\u00ed jsou lampy zahnut\u00e9 do oblouku, kter\u00e9 se zap\u00ednaj\u00ed pouze dotykem na stojan, a z\u00e1rove\u0148 se jejich m\u00edra sv\u00edtivosti d\u00e1 dotyky regulovat. Takovou lampu se\u017eenete dnes ve v\u011bt\u0161in\u011b obchod\u016f se zam\u011b\u0159en\u00edm na dekorace nebo na osv\u011btlen\u00ed. Nest\u00e1rnouc\u00ed klasikou je i zelen\u00e1 lampa na st\u016fl nebo l\u00e1vov\u00e9 lampy, kter\u00e9 se moc l\u00edb\u00ed hlavn\u011b mal\u00fdm d\u011btem.\tRada na z\u00e1v\u011brUr\u010dit\u011b se vyplat\u00ed do osv\u011btlen\u00ed investovat. Pokud si koup\u00edte nekvalitn\u00ed sv\u011btlo, kter\u00e9 nebude dostate\u010dn\u011b sv\u00edtit, budete muset zap\u00ednat dal\u0161\u00ed a dal\u0161\u00ed sv\u011btla, abyste kone\u010dn\u011b m\u011bli pocit prosv\u011btlen\u00e9ho bytu bez tmy, co\u017e se samoz\u0159ejm\u011b nevyplat\u00ed. \u017d\u00edt v dlouhodob\u011b \u0161patn\u011b osv\u011btlen\u00e9 dom\u00e1cnosti m\u016f\u017ee zap\u0159\u00ed\u010dinit i zrakov\u00e9 pot\u00ed\u017ee.\u00a0                                                                                                                                                                                                                                                                                                                                                                                        4\/5 - (1 vote)        "},{"@context":"https:\/\/schema.org\/","@type":"BreadcrumbList","itemListElement":[{"@type":"ListItem","position":1,"name":"Osv\u011btlen\u00ed domu \u010di bytu nebylo nikdy v\u00edce in!","item":"https:\/\/www.er-sme.cz\/osvetleni-domu-ci-bytu-nebylo-nikdy-vice-in\/#breadcrumbitem"}]}]