[{"@context":"https:\/\/schema.org\/","@type":"Blog","@id":"https:\/\/www.er-sme.cz#Blog","headline":"Er sme","description":"\nOb\u010das byste si cht\u011bli pro\u010d\u00edst n\u011bjak\u00e9 zaj\u00edmav\u00e9 typy a rady? Sem tam se hod\u00ed n\u011bjak\u00fd n\u00e1vod, a\u0165 u\u017e na zava\u0159ov\u00e1n\u00ed nebo na dovolenou? Nab\u00edz\u00edme v\u00e1m internetov\u00fd magaz\u00edn, kter\u00fd si m\u016f\u017eete p\u0159e\u010d\u00edst \u00fapln\u011b kdekoli a kdykoli.","url":"https:\/\/www.er-sme.cz","hasPart":[{"@type":"Article","@id":"https:\/\/www.er-sme.cz\/nenechte-se-vyuzivat-starnoucimi-rodici\/","headline":"Nenechte se vyu\u017e\u00edvat st\u00e1rnouc\u00edmi rodi\u010di","url":"https:\/\/www.er-sme.cz\/nenechte-se-vyuzivat-starnoucimi-rodici\/","datePublished":"2023-04-27","dateModified":"2023-04-27","mainEntityOfPage":"https:\/\/www.er-sme.cz\/nenechte-se-vyuzivat-starnoucimi-rodici\/","author":{"@type":"Person","@id":"https:\/\/www.er-sme.cz\/author\/#Person","name":"er-sme.cz","url":"https:\/\/www.er-sme.cz\/author\/","identifier":1,"image":{"@type":"ImageObject","@id":"https:\/\/secure.gravatar.com\/avatar\/383247cd769f7ac317a5bcda943ec48a3c79d996598ae4564ec21a0e178126d1?s=96&d=mm&r=g","url":"https:\/\/secure.gravatar.com\/avatar\/383247cd769f7ac317a5bcda943ec48a3c79d996598ae4564ec21a0e178126d1?s=96&d=mm&r=g","height":96,"width":96}},"publisher":{"@type":"Organization","name":"er-sme.cz","logo":{"@type":"ImageObject","@id":"\/logo.png","url":"\/logo.png","width":600,"height":60}},"image":null,"wordCount":493,"keywords":null},{"@type":"Article","@id":"https:\/\/www.er-sme.cz\/hodinovy-manzel-nejen-na-hodinu\/","headline":"Hodinov\u00fd man\u017eel nejen na hodinu","url":"https:\/\/www.er-sme.cz\/hodinovy-manzel-nejen-na-hodinu\/","datePublished":"2023-04-27","dateModified":"2023-04-27","mainEntityOfPage":"https:\/\/www.er-sme.cz\/hodinovy-manzel-nejen-na-hodinu\/","author":{"@type":"Person","@id":"https:\/\/www.er-sme.cz\/author\/#Person","name":"er-sme.cz","url":"https:\/\/www.er-sme.cz\/author\/","identifier":1,"image":{"@type":"ImageObject","@id":"https:\/\/secure.gravatar.com\/avatar\/383247cd769f7ac317a5bcda943ec48a3c79d996598ae4564ec21a0e178126d1?s=96&d=mm&r=g","url":"https:\/\/secure.gravatar.com\/avatar\/383247cd769f7ac317a5bcda943ec48a3c79d996598ae4564ec21a0e178126d1?s=96&d=mm&r=g","height":96,"width":96}},"publisher":{"@type":"Organization","name":"er-sme.cz","logo":{"@type":"ImageObject","@id":"\/logo.png","url":"\/logo.png","width":600,"height":60}},"image":null,"wordCount":410,"keywords":null},{"@type":"Article","@id":"https:\/\/www.er-sme.cz\/nenechte-se-zdrtit-povinnostmi\/","headline":"Nenechte se zdrtit povinnostmi","url":"https:\/\/www.er-sme.cz\/nenechte-se-zdrtit-povinnostmi\/","datePublished":"2023-04-27","dateModified":"2023-04-27","mainEntityOfPage":"https:\/\/www.er-sme.cz\/nenechte-se-zdrtit-povinnostmi\/","author":{"@type":"Person","@id":"https:\/\/www.er-sme.cz\/author\/#Person","name":"er-sme.cz","url":"https:\/\/www.er-sme.cz\/author\/","identifier":1,"image":{"@type":"ImageObject","@id":"https:\/\/secure.gravatar.com\/avatar\/383247cd769f7ac317a5bcda943ec48a3c79d996598ae4564ec21a0e178126d1?s=96&d=mm&r=g","url":"https:\/\/secure.gravatar.com\/avatar\/383247cd769f7ac317a5bcda943ec48a3c79d996598ae4564ec21a0e178126d1?s=96&d=mm&r=g","height":96,"width":96}},"publisher":{"@type":"Organization","name":"er-sme.cz","logo":{"@type":"ImageObject","@id":"\/logo.png","url":"\/logo.png","width":600,"height":60}},"image":null,"wordCount":448,"keywords":null},{"@type":"Article","@id":"https:\/\/www.er-sme.cz\/pozvete-si-bytoveho-architekta\/","headline":"Pozv\u011bte si bytov\u00e9ho architekta","url":"https:\/\/www.er-sme.cz\/pozvete-si-bytoveho-architekta\/","datePublished":"2023-04-27","dateModified":"2023-04-27","mainEntityOfPage":"https:\/\/www.er-sme.cz\/pozvete-si-bytoveho-architekta\/","author":{"@type":"Person","@id":"https:\/\/www.er-sme.cz\/author\/#Person","name":"er-sme.cz","url":"https:\/\/www.er-sme.cz\/author\/","identifier":1,"image":{"@type":"ImageObject","@id":"https:\/\/secure.gravatar.com\/avatar\/383247cd769f7ac317a5bcda943ec48a3c79d996598ae4564ec21a0e178126d1?s=96&d=mm&r=g","url":"https:\/\/secure.gravatar.com\/avatar\/383247cd769f7ac317a5bcda943ec48a3c79d996598ae4564ec21a0e178126d1?s=96&d=mm&r=g","height":96,"width":96}},"publisher":{"@type":"Organization","name":"er-sme.cz","logo":{"@type":"ImageObject","@id":"\/logo.png","url":"\/logo.png","width":600,"height":60}},"image":null,"wordCount":445,"keywords":null},{"@type":"Article","@id":"https:\/\/www.er-sme.cz\/pronajem-ano-ci-ne\/","headline":"Pron\u00e1jem ano \u010di ne","url":"https:\/\/www.er-sme.cz\/pronajem-ano-ci-ne\/","datePublished":"2023-04-27","dateModified":"2023-04-27","mainEntityOfPage":"https:\/\/www.er-sme.cz\/pronajem-ano-ci-ne\/","author":{"@type":"Person","@id":"https:\/\/www.er-sme.cz\/author\/#Person","name":"er-sme.cz","url":"https:\/\/www.er-sme.cz\/author\/","identifier":1,"image":{"@type":"ImageObject","@id":"https:\/\/secure.gravatar.com\/avatar\/383247cd769f7ac317a5bcda943ec48a3c79d996598ae4564ec21a0e178126d1?s=96&d=mm&r=g","url":"https:\/\/secure.gravatar.com\/avatar\/383247cd769f7ac317a5bcda943ec48a3c79d996598ae4564ec21a0e178126d1?s=96&d=mm&r=g","height":96,"width":96}},"publisher":{"@type":"Organization","name":"er-sme.cz","logo":{"@type":"ImageObject","@id":"\/logo.png","url":"\/logo.png","width":600,"height":60}},"image":null,"wordCount":509,"keywords":null},{"@type":"Article","@id":"https:\/\/www.er-sme.cz\/s-realitkou-nebo-bez\/","headline":"S realitkou nebo bez?","url":"https:\/\/www.er-sme.cz\/s-realitkou-nebo-bez\/","datePublished":"2023-04-27","dateModified":"2023-04-27","mainEntityOfPage":"https:\/\/www.er-sme.cz\/s-realitkou-nebo-bez\/","author":{"@type":"Person","@id":"https:\/\/www.er-sme.cz\/author\/#Person","name":"er-sme.cz","url":"https:\/\/www.er-sme.cz\/author\/","identifier":1,"image":{"@type":"ImageObject","@id":"https:\/\/secure.gravatar.com\/avatar\/383247cd769f7ac317a5bcda943ec48a3c79d996598ae4564ec21a0e178126d1?s=96&d=mm&r=g","url":"https:\/\/secure.gravatar.com\/avatar\/383247cd769f7ac317a5bcda943ec48a3c79d996598ae4564ec21a0e178126d1?s=96&d=mm&r=g","height":96,"width":96}},"publisher":{"@type":"Organization","name":"er-sme.cz","logo":{"@type":"ImageObject","@id":"\/logo.png","url":"\/logo.png","width":600,"height":60}},"image":null,"wordCount":422,"keywords":null},{"@type":"Article","@id":"https:\/\/www.er-sme.cz\/pro-vetsi-pohodli\/","headline":"Pro v\u011bt\u0161\u00ed pohodl\u00ed","url":"https:\/\/www.er-sme.cz\/pro-vetsi-pohodli\/","datePublished":"2023-04-10","dateModified":"2024-04-15","mainEntityOfPage":"https:\/\/www.er-sme.cz\/pro-vetsi-pohodli\/","author":{"@type":"Person","@id":"https:\/\/www.er-sme.cz\/author\/#Person","name":"er-sme.cz","url":"https:\/\/www.er-sme.cz\/author\/","identifier":1,"image":{"@type":"ImageObject","@id":"https:\/\/secure.gravatar.com\/avatar\/383247cd769f7ac317a5bcda943ec48a3c79d996598ae4564ec21a0e178126d1?s=96&d=mm&r=g","url":"https:\/\/secure.gravatar.com\/avatar\/383247cd769f7ac317a5bcda943ec48a3c79d996598ae4564ec21a0e178126d1?s=96&d=mm&r=g","height":96,"width":96}},"publisher":{"@type":"Organization","name":"er-sme.cz","logo":{"@type":"ImageObject","@id":"\/logo.png","url":"\/logo.png","width":600,"height":60}},"image":null,"wordCount":501,"keywords":null},{"@type":"Article","@id":"https:\/\/www.er-sme.cz\/prodej-kobercu-i-dalsich-krytin\/","headline":"Prodej koberc\u016f i dal\u0161\u00edch krytin","url":"https:\/\/www.er-sme.cz\/prodej-kobercu-i-dalsich-krytin\/","datePublished":"2023-03-08","dateModified":"2024-03-11","mainEntityOfPage":"https:\/\/www.er-sme.cz\/prodej-kobercu-i-dalsich-krytin\/","author":{"@type":"Person","@id":"https:\/\/www.er-sme.cz\/author\/#Person","name":"er-sme.cz","url":"https:\/\/www.er-sme.cz\/author\/","identifier":1,"image":{"@type":"ImageObject","@id":"https:\/\/secure.gravatar.com\/avatar\/383247cd769f7ac317a5bcda943ec48a3c79d996598ae4564ec21a0e178126d1?s=96&d=mm&r=g","url":"https:\/\/secure.gravatar.com\/avatar\/383247cd769f7ac317a5bcda943ec48a3c79d996598ae4564ec21a0e178126d1?s=96&d=mm&r=g","height":96,"width":96}},"publisher":{"@type":"Organization","name":"er-sme.cz","logo":{"@type":"ImageObject","@id":"\/logo.png","url":"\/logo.png","width":600,"height":60}},"image":null,"wordCount":476,"keywords":null},{"@type":"Article","@id":"https:\/\/www.er-sme.cz\/penize-nemusi-nikomu-chybet\/","headline":"Pen\u00edze nemus\u00ed nikomu chyb\u011bt","url":"https:\/\/www.er-sme.cz\/penize-nemusi-nikomu-chybet\/","datePublished":"2022-10-14","dateModified":"2022-10-14","mainEntityOfPage":"https:\/\/www.er-sme.cz\/penize-nemusi-nikomu-chybet\/","author":{"@type":"Person","@id":"https:\/\/www.er-sme.cz\/author\/#Person","name":"er-sme.cz","url":"https:\/\/www.er-sme.cz\/author\/","identifier":1,"image":{"@type":"ImageObject","@id":"https:\/\/secure.gravatar.com\/avatar\/383247cd769f7ac317a5bcda943ec48a3c79d996598ae4564ec21a0e178126d1?s=96&d=mm&r=g","url":"https:\/\/secure.gravatar.com\/avatar\/383247cd769f7ac317a5bcda943ec48a3c79d996598ae4564ec21a0e178126d1?s=96&d=mm&r=g","height":96,"width":96}},"publisher":{"@type":"Organization","name":"er-sme.cz","logo":{"@type":"ImageObject","@id":"\/logo.png","url":"\/logo.png","width":600,"height":60}},"image":{"@type":"ImageObject","@id":"https:\/\/www.er-sme.cz\/wp-content\/uploads\/jeden%20dolar_10_10_10_5.jpg","url":"https:\/\/www.er-sme.cz\/wp-content\/uploads\/jeden%20dolar_10_10_10_5.jpg","height":0,"width":0},"wordCount":623,"keywords":null},{"@type":"Article","@id":"https:\/\/www.er-sme.cz\/poprete-vas-vek\/","headline":"Pop\u0159ete v\u00e1\u0161 v\u011bk","url":"https:\/\/www.er-sme.cz\/poprete-vas-vek\/","datePublished":"2022-09-11","dateModified":"2023-04-27","mainEntityOfPage":"https:\/\/www.er-sme.cz\/poprete-vas-vek\/","author":{"@type":"Person","@id":"https:\/\/www.er-sme.cz\/author\/#Person","name":"er-sme.cz","url":"https:\/\/www.er-sme.cz\/author\/","identifier":1,"image":{"@type":"ImageObject","@id":"https:\/\/secure.gravatar.com\/avatar\/383247cd769f7ac317a5bcda943ec48a3c79d996598ae4564ec21a0e178126d1?s=96&d=mm&r=g","url":"https:\/\/secure.gravatar.com\/avatar\/383247cd769f7ac317a5bcda943ec48a3c79d996598ae4564ec21a0e178126d1?s=96&d=mm&r=g","height":96,"width":96}},"publisher":{"@type":"Organization","name":"er-sme.cz","logo":{"@type":"ImageObject","@id":"\/logo.png","url":"\/logo.png","width":600,"height":60}},"image":{"@type":"ImageObject","@id":"https:\/\/www.er-sme.cz\/wp-content\/uploads\/poko%C5%BEka.jpg","url":"https:\/\/www.er-sme.cz\/wp-content\/uploads\/poko%C5%BEka.jpg","height":0,"width":0},"wordCount":565,"keywords":null}]},{"@context":"https:\/\/schema.org","@type":"WebSite","@id":"https:\/\/www.er-sme.cz\/#website","name":"Er sme","url":"https:\/\/www.er-sme.cz","potentialAction":{"@type":"SearchAction","target":"https:\/\/www.er-sme.cz\/?s={search_term_string}","query-input":"required name=search_term_string"}}]