[{"@context":"https:\/\/schema.org\/","@type":"Blog","@id":"https:\/\/www.er-sme.cz#Blog","headline":"Er sme","description":"\nOb\u010das byste si cht\u011bli pro\u010d\u00edst n\u011bjak\u00e9 zaj\u00edmav\u00e9 typy a rady? Sem tam se hod\u00ed n\u011bjak\u00fd n\u00e1vod, a\u0165 u\u017e na zava\u0159ov\u00e1n\u00ed nebo na dovolenou? Nab\u00edz\u00edme v\u00e1m internetov\u00fd magaz\u00edn, kter\u00fd si m\u016f\u017eete p\u0159e\u010d\u00edst \u00fapln\u011b kdekoli a kdykoli.","url":"https:\/\/www.er-sme.cz","hasPart":[{"@type":"Article","@id":"https:\/\/www.er-sme.cz\/chcete-neco-poslat\/","headline":"Chcete n\u011bco poslat?","url":"https:\/\/www.er-sme.cz\/chcete-neco-poslat\/","datePublished":"2019-12-15","dateModified":"2023-09-01","mainEntityOfPage":"https:\/\/www.er-sme.cz\/chcete-neco-poslat\/","author":{"@type":"Person","@id":"https:\/\/www.er-sme.cz\/author\/#Person","name":"er-sme.cz","url":"https:\/\/www.er-sme.cz\/author\/","identifier":1,"image":{"@type":"ImageObject","@id":"https:\/\/secure.gravatar.com\/avatar\/383247cd769f7ac317a5bcda943ec48a3c79d996598ae4564ec21a0e178126d1?s=96&d=mm&r=g","url":"https:\/\/secure.gravatar.com\/avatar\/383247cd769f7ac317a5bcda943ec48a3c79d996598ae4564ec21a0e178126d1?s=96&d=mm&r=g","height":96,"width":96}},"publisher":{"@type":"Organization","name":"er-sme.cz","logo":{"@type":"ImageObject","@id":"\/logo.png","url":"\/logo.png","width":600,"height":60}},"image":{"@type":"ImageObject","@id":"https:\/\/www.er-sme.cz\/wp-content\/uploads\/img_a372030_w1722_t1583403128.png","url":"https:\/\/www.er-sme.cz\/wp-content\/uploads\/img_a372030_w1722_t1583403128.png","height":0,"width":0},"wordCount":537,"keywords":null},{"@type":"Article","@id":"https:\/\/www.er-sme.cz\/teplo-domova\/","headline":"Teplo domova","url":"https:\/\/www.er-sme.cz\/teplo-domova\/","datePublished":"2019-12-15","dateModified":"2023-04-27","mainEntityOfPage":"https:\/\/www.er-sme.cz\/teplo-domova\/","author":{"@type":"Person","@id":"https:\/\/www.er-sme.cz\/author\/#Person","name":"er-sme.cz","url":"https:\/\/www.er-sme.cz\/author\/","identifier":1,"image":{"@type":"ImageObject","@id":"https:\/\/secure.gravatar.com\/avatar\/383247cd769f7ac317a5bcda943ec48a3c79d996598ae4564ec21a0e178126d1?s=96&d=mm&r=g","url":"https:\/\/secure.gravatar.com\/avatar\/383247cd769f7ac317a5bcda943ec48a3c79d996598ae4564ec21a0e178126d1?s=96&d=mm&r=g","height":96,"width":96}},"publisher":{"@type":"Organization","name":"er-sme.cz","logo":{"@type":"ImageObject","@id":"\/logo.png","url":"\/logo.png","width":600,"height":60}},"image":{"@type":"ImageObject","@id":"https:\/\/www.er-sme.cz\/wp-content\/uploads\/img_a370186_w1722_t1582009818.jpg","url":"https:\/\/www.er-sme.cz\/wp-content\/uploads\/img_a370186_w1722_t1582009818.jpg","height":0,"width":0},"wordCount":512,"keywords":null},{"@type":"Article","@id":"https:\/\/www.er-sme.cz\/kdyz-je-treba-mit-auto\/","headline":"Kdy\u017e je t\u0159eba m\u00edt auto","url":"https:\/\/www.er-sme.cz\/kdyz-je-treba-mit-auto\/","datePublished":"2019-12-11","dateModified":"2023-04-27","mainEntityOfPage":"https:\/\/www.er-sme.cz\/kdyz-je-treba-mit-auto\/","author":{"@type":"Person","@id":"https:\/\/www.er-sme.cz\/author\/#Person","name":"er-sme.cz","url":"https:\/\/www.er-sme.cz\/author\/","identifier":1,"image":{"@type":"ImageObject","@id":"https:\/\/secure.gravatar.com\/avatar\/383247cd769f7ac317a5bcda943ec48a3c79d996598ae4564ec21a0e178126d1?s=96&d=mm&r=g","url":"https:\/\/secure.gravatar.com\/avatar\/383247cd769f7ac317a5bcda943ec48a3c79d996598ae4564ec21a0e178126d1?s=96&d=mm&r=g","height":96,"width":96}},"publisher":{"@type":"Organization","name":"er-sme.cz","logo":{"@type":"ImageObject","@id":"\/logo.png","url":"\/logo.png","width":600,"height":60}},"image":{"@type":"ImageObject","@id":"https:\/\/www.er-sme.cz\/wp-content\/uploads\/img_a371565_w1722_t1582892425.jpg","url":"https:\/\/www.er-sme.cz\/wp-content\/uploads\/img_a371565_w1722_t1582892425.jpg","height":0,"width":0},"wordCount":553,"keywords":null},{"@type":"Article","@id":"https:\/\/www.er-sme.cz\/pokazit-se-muze-leccos\/","headline":"Pokazit se m\u016f\u017ee leccos","url":"https:\/\/www.er-sme.cz\/pokazit-se-muze-leccos\/","datePublished":"2019-12-06","dateModified":"2023-04-27","mainEntityOfPage":"https:\/\/www.er-sme.cz\/pokazit-se-muze-leccos\/","author":{"@type":"Person","@id":"https:\/\/www.er-sme.cz\/author\/#Person","name":"er-sme.cz","url":"https:\/\/www.er-sme.cz\/author\/","identifier":1,"image":{"@type":"ImageObject","@id":"https:\/\/secure.gravatar.com\/avatar\/383247cd769f7ac317a5bcda943ec48a3c79d996598ae4564ec21a0e178126d1?s=96&d=mm&r=g","url":"https:\/\/secure.gravatar.com\/avatar\/383247cd769f7ac317a5bcda943ec48a3c79d996598ae4564ec21a0e178126d1?s=96&d=mm&r=g","height":96,"width":96}},"publisher":{"@type":"Organization","name":"er-sme.cz","logo":{"@type":"ImageObject","@id":"\/logo.png","url":"\/logo.png","width":600,"height":60}},"image":{"@type":"ImageObject","@id":"https:\/\/www.er-sme.cz\/wp-content\/uploads\/img_a367771_w1722_t1580288672.jpg","url":"https:\/\/www.er-sme.cz\/wp-content\/uploads\/img_a367771_w1722_t1580288672.jpg","height":0,"width":0},"wordCount":541,"keywords":null},{"@type":"Article","@id":"https:\/\/www.er-sme.cz\/kvalitni-kuchynske-noze-jsou-zakladem-pro-pohodlnou-praci-v-kuchyni\/","headline":"Kvalitn\u00ed kuchy\u0148sk\u00e9 no\u017ee jsou z\u00e1kladem pro pohodlnou pr\u00e1ci v kuchyni","url":"https:\/\/www.er-sme.cz\/kvalitni-kuchynske-noze-jsou-zakladem-pro-pohodlnou-praci-v-kuchyni\/","datePublished":"2019-11-19","dateModified":"2023-04-27","mainEntityOfPage":"https:\/\/www.er-sme.cz\/kvalitni-kuchynske-noze-jsou-zakladem-pro-pohodlnou-praci-v-kuchyni\/","author":{"@type":"Person","@id":"https:\/\/www.er-sme.cz\/author\/#Person","name":"er-sme.cz","url":"https:\/\/www.er-sme.cz\/author\/","identifier":1,"image":{"@type":"ImageObject","@id":"https:\/\/secure.gravatar.com\/avatar\/383247cd769f7ac317a5bcda943ec48a3c79d996598ae4564ec21a0e178126d1?s=96&d=mm&r=g","url":"https:\/\/secure.gravatar.com\/avatar\/383247cd769f7ac317a5bcda943ec48a3c79d996598ae4564ec21a0e178126d1?s=96&d=mm&r=g","height":96,"width":96}},"publisher":{"@type":"Organization","name":"er-sme.cz","logo":{"@type":"ImageObject","@id":"\/logo.png","url":"\/logo.png","width":600,"height":60}},"image":{"@type":"ImageObject","@id":"https:\/\/www.er-sme.cz\/wp-content\/uploads\/img_a366624_w1722_t1579341357.jpg","url":"https:\/\/www.er-sme.cz\/wp-content\/uploads\/img_a366624_w1722_t1579341357.jpg","height":0,"width":0},"wordCount":4512,"keywords":null},{"@type":"Article","@id":"https:\/\/www.er-sme.cz\/rodice-slavi-vyroci\/","headline":"Rodi\u010de slav\u00ed v\u00fdro\u010d\u00ed","url":"https:\/\/www.er-sme.cz\/rodice-slavi-vyroci\/","datePublished":"2019-11-14","dateModified":"2023-04-27","mainEntityOfPage":"https:\/\/www.er-sme.cz\/rodice-slavi-vyroci\/","author":{"@type":"Person","@id":"https:\/\/www.er-sme.cz\/author\/#Person","name":"er-sme.cz","url":"https:\/\/www.er-sme.cz\/author\/","identifier":1,"image":{"@type":"ImageObject","@id":"https:\/\/secure.gravatar.com\/avatar\/383247cd769f7ac317a5bcda943ec48a3c79d996598ae4564ec21a0e178126d1?s=96&d=mm&r=g","url":"https:\/\/secure.gravatar.com\/avatar\/383247cd769f7ac317a5bcda943ec48a3c79d996598ae4564ec21a0e178126d1?s=96&d=mm&r=g","height":96,"width":96}},"publisher":{"@type":"Organization","name":"er-sme.cz","logo":{"@type":"ImageObject","@id":"\/logo.png","url":"\/logo.png","width":600,"height":60}},"image":{"@type":"ImageObject","@id":"https:\/\/www.er-sme.cz\/wp-content\/uploads\/img_a365542_w1722_t1578332352.jpg","url":"https:\/\/www.er-sme.cz\/wp-content\/uploads\/img_a365542_w1722_t1578332352.jpg","height":0,"width":0},"wordCount":585,"keywords":null},{"@type":"Article","@id":"https:\/\/www.er-sme.cz\/proc-zrovna-ja\/","headline":"Pro\u010d zrovna j\u00e1?","url":"https:\/\/www.er-sme.cz\/proc-zrovna-ja\/","datePublished":"2019-11-10","dateModified":"2023-11-30","mainEntityOfPage":"https:\/\/www.er-sme.cz\/proc-zrovna-ja\/","author":{"@type":"Person","@id":"https:\/\/www.er-sme.cz\/author\/#Person","name":"er-sme.cz","url":"https:\/\/www.er-sme.cz\/author\/","identifier":1,"image":{"@type":"ImageObject","@id":"https:\/\/secure.gravatar.com\/avatar\/383247cd769f7ac317a5bcda943ec48a3c79d996598ae4564ec21a0e178126d1?s=96&d=mm&r=g","url":"https:\/\/secure.gravatar.com\/avatar\/383247cd769f7ac317a5bcda943ec48a3c79d996598ae4564ec21a0e178126d1?s=96&d=mm&r=g","height":96,"width":96}},"publisher":{"@type":"Organization","name":"er-sme.cz","logo":{"@type":"ImageObject","@id":"\/logo.png","url":"\/logo.png","width":600,"height":60}},"image":{"@type":"ImageObject","@id":"https:\/\/www.er-sme.cz\/wp-content\/uploads\/img_a365095_w1722_t1578165826.jpg","url":"https:\/\/www.er-sme.cz\/wp-content\/uploads\/img_a365095_w1722_t1578165826.jpg","height":0,"width":0},"wordCount":4517,"keywords":null},{"@type":"Article","@id":"https:\/\/www.er-sme.cz\/stehovani-s-vozem-z-pujcovny-dodavek-brno-muze-byt-kreativni\/","headline":"St\u011bhov\u00e1n\u00ed s vozem z p\u016fj\u010dovny dod\u00e1vek Brno m\u016f\u017ee b\u00fdt kreativn\u00ed","url":"https:\/\/www.er-sme.cz\/stehovani-s-vozem-z-pujcovny-dodavek-brno-muze-byt-kreativni\/","datePublished":"2019-11-07","dateModified":"2023-10-05","mainEntityOfPage":"https:\/\/www.er-sme.cz\/stehovani-s-vozem-z-pujcovny-dodavek-brno-muze-byt-kreativni\/","author":{"@type":"Person","@id":"https:\/\/www.er-sme.cz\/author\/#Person","name":"er-sme.cz","url":"https:\/\/www.er-sme.cz\/author\/","identifier":1,"image":{"@type":"ImageObject","@id":"https:\/\/secure.gravatar.com\/avatar\/383247cd769f7ac317a5bcda943ec48a3c79d996598ae4564ec21a0e178126d1?s=96&d=mm&r=g","url":"https:\/\/secure.gravatar.com\/avatar\/383247cd769f7ac317a5bcda943ec48a3c79d996598ae4564ec21a0e178126d1?s=96&d=mm&r=g","height":96,"width":96}},"publisher":{"@type":"Organization","name":"er-sme.cz","logo":{"@type":"ImageObject","@id":"\/logo.png","url":"\/logo.png","width":600,"height":60}},"image":{"@type":"ImageObject","@id":"https:\/\/www.er-sme.cz\/wp-content\/uploads\/img_a365101_w1722_t1578166753.jpg","url":"https:\/\/www.er-sme.cz\/wp-content\/uploads\/img_a365101_w1722_t1578166753.jpg","height":0,"width":0},"wordCount":4507,"keywords":null},{"@type":"Article","@id":"https:\/\/www.er-sme.cz\/proc-maji-urady-regionalni-pusobnost\/","headline":"Pro\u010d maj\u00ed \u00fa\u0159ady region\u00e1ln\u00ed p\u016fsobnost","url":"https:\/\/www.er-sme.cz\/proc-maji-urady-regionalni-pusobnost\/","datePublished":"2019-11-03","dateModified":"2023-04-27","mainEntityOfPage":"https:\/\/www.er-sme.cz\/proc-maji-urady-regionalni-pusobnost\/","author":{"@type":"Person","@id":"https:\/\/www.er-sme.cz\/author\/#Person","name":"er-sme.cz","url":"https:\/\/www.er-sme.cz\/author\/","identifier":1,"image":{"@type":"ImageObject","@id":"https:\/\/secure.gravatar.com\/avatar\/383247cd769f7ac317a5bcda943ec48a3c79d996598ae4564ec21a0e178126d1?s=96&d=mm&r=g","url":"https:\/\/secure.gravatar.com\/avatar\/383247cd769f7ac317a5bcda943ec48a3c79d996598ae4564ec21a0e178126d1?s=96&d=mm&r=g","height":96,"width":96}},"publisher":{"@type":"Organization","name":"er-sme.cz","logo":{"@type":"ImageObject","@id":"\/logo.png","url":"\/logo.png","width":600,"height":60}},"image":{"@type":"ImageObject","@id":"https:\/\/www.er-sme.cz\/wp-content\/uploads\/img_a373948_w1722_t1585309896.jpg","url":"https:\/\/www.er-sme.cz\/wp-content\/uploads\/img_a373948_w1722_t1585309896.jpg","height":0,"width":0},"wordCount":572,"keywords":null},{"@type":"Article","@id":"https:\/\/www.er-sme.cz\/rasenka-all-in-one-zkrasli-kazdou-zenu\/","headline":"\u0158asenka all in one zkr\u00e1\u0161l\u00ed ka\u017edou \u017eenu","url":"https:\/\/www.er-sme.cz\/rasenka-all-in-one-zkrasli-kazdou-zenu\/","datePublished":"2019-10-24","dateModified":"2023-04-27","mainEntityOfPage":"https:\/\/www.er-sme.cz\/rasenka-all-in-one-zkrasli-kazdou-zenu\/","author":{"@type":"Person","@id":"https:\/\/www.er-sme.cz\/author\/#Person","name":"er-sme.cz","url":"https:\/\/www.er-sme.cz\/author\/","identifier":1,"image":{"@type":"ImageObject","@id":"https:\/\/secure.gravatar.com\/avatar\/383247cd769f7ac317a5bcda943ec48a3c79d996598ae4564ec21a0e178126d1?s=96&d=mm&r=g","url":"https:\/\/secure.gravatar.com\/avatar\/383247cd769f7ac317a5bcda943ec48a3c79d996598ae4564ec21a0e178126d1?s=96&d=mm&r=g","height":96,"width":96}},"publisher":{"@type":"Organization","name":"er-sme.cz","logo":{"@type":"ImageObject","@id":"\/logo.png","url":"\/logo.png","width":600,"height":60}},"image":{"@type":"ImageObject","@id":"https:\/\/www.er-sme.cz\/wp-content\/uploads\/img_a360810_w1722_t1574327833.jpg","url":"https:\/\/www.er-sme.cz\/wp-content\/uploads\/img_a360810_w1722_t1574327833.jpg","height":0,"width":0},"wordCount":638,"keywords":null}]},{"@context":"https:\/\/schema.org","@type":"WebSite","@id":"https:\/\/www.er-sme.cz\/#website","name":"Er sme","url":"https:\/\/www.er-sme.cz","potentialAction":{"@type":"SearchAction","target":"https:\/\/www.er-sme.cz\/?s={search_term_string}","query-input":"required name=search_term_string"}}]