[{"@context":"https:\/\/schema.org\/","@type":"Blog","@id":"https:\/\/www.er-sme.cz#Blog","headline":"Er sme","description":"\nOb\u010das byste si cht\u011bli pro\u010d\u00edst n\u011bjak\u00e9 zaj\u00edmav\u00e9 typy a rady? Sem tam se hod\u00ed n\u011bjak\u00fd n\u00e1vod, a\u0165 u\u017e na zava\u0159ov\u00e1n\u00ed nebo na dovolenou? Nab\u00edz\u00edme v\u00e1m internetov\u00fd magaz\u00edn, kter\u00fd si m\u016f\u017eete p\u0159e\u010d\u00edst \u00fapln\u011b kdekoli a kdykoli.","url":"https:\/\/www.er-sme.cz","hasPart":[{"@type":"Article","@id":"https:\/\/www.er-sme.cz\/prirodni-cesta-ke-stihlejsi-postave\/","headline":"P\u0159\u00edrodn\u00ed cesta ke \u0161t\u00edhlej\u0161\u00ed postav\u011b","url":"https:\/\/www.er-sme.cz\/prirodni-cesta-ke-stihlejsi-postave\/","datePublished":"2019-09-10","dateModified":"2023-04-27","mainEntityOfPage":"https:\/\/www.er-sme.cz\/prirodni-cesta-ke-stihlejsi-postave\/","author":{"@type":"Person","@id":"https:\/\/www.er-sme.cz\/author\/#Person","name":"er-sme.cz","url":"https:\/\/www.er-sme.cz\/author\/","identifier":1,"image":{"@type":"ImageObject","@id":"https:\/\/secure.gravatar.com\/avatar\/383247cd769f7ac317a5bcda943ec48a3c79d996598ae4564ec21a0e178126d1?s=96&d=mm&r=g","url":"https:\/\/secure.gravatar.com\/avatar\/383247cd769f7ac317a5bcda943ec48a3c79d996598ae4564ec21a0e178126d1?s=96&d=mm&r=g","height":96,"width":96}},"publisher":{"@type":"Organization","name":"er-sme.cz","logo":{"@type":"ImageObject","@id":"\/logo.png","url":"\/logo.png","width":600,"height":60}},"image":{"@type":"ImageObject","@id":"https:\/\/www.er-sme.cz\/wp-content\/uploads\/img_a367503_w1722_t1579880507.jpg","url":"https:\/\/www.er-sme.cz\/wp-content\/uploads\/img_a367503_w1722_t1579880507.jpg","height":0,"width":0},"wordCount":555,"keywords":null},{"@type":"Article","@id":"https:\/\/www.er-sme.cz\/svatba-na-kterou-nezapomenete\/","headline":"Svatba, na kterou nezapomenete","url":"https:\/\/www.er-sme.cz\/svatba-na-kterou-nezapomenete\/","datePublished":"2019-09-09","dateModified":"2023-04-27","mainEntityOfPage":"https:\/\/www.er-sme.cz\/svatba-na-kterou-nezapomenete\/","author":{"@type":"Person","@id":"https:\/\/www.er-sme.cz\/author\/#Person","name":"er-sme.cz","url":"https:\/\/www.er-sme.cz\/author\/","identifier":1,"image":{"@type":"ImageObject","@id":"https:\/\/secure.gravatar.com\/avatar\/383247cd769f7ac317a5bcda943ec48a3c79d996598ae4564ec21a0e178126d1?s=96&d=mm&r=g","url":"https:\/\/secure.gravatar.com\/avatar\/383247cd769f7ac317a5bcda943ec48a3c79d996598ae4564ec21a0e178126d1?s=96&d=mm&r=g","height":96,"width":96}},"publisher":{"@type":"Organization","name":"er-sme.cz","logo":{"@type":"ImageObject","@id":"\/logo.png","url":"\/logo.png","width":600,"height":60}},"image":{"@type":"ImageObject","@id":"https:\/\/www.er-sme.cz\/wp-content\/uploads\/img_a359064_w1722_t1573201051.jpg","url":"https:\/\/www.er-sme.cz\/wp-content\/uploads\/img_a359064_w1722_t1573201051.jpg","height":0,"width":0},"wordCount":519,"keywords":null},{"@type":"Article","@id":"https:\/\/www.er-sme.cz\/rychle-jidlo-nemusi-byt-nezdrave\/","headline":"Rychl\u00e9 j\u00eddlo nemus\u00ed b\u00fdt nezdrav\u00e9","url":"https:\/\/www.er-sme.cz\/rychle-jidlo-nemusi-byt-nezdrave\/","datePublished":"2019-09-09","dateModified":"2023-04-27","mainEntityOfPage":"https:\/\/www.er-sme.cz\/rychle-jidlo-nemusi-byt-nezdrave\/","author":{"@type":"Person","@id":"https:\/\/www.er-sme.cz\/author\/#Person","name":"er-sme.cz","url":"https:\/\/www.er-sme.cz\/author\/","identifier":1,"image":{"@type":"ImageObject","@id":"https:\/\/secure.gravatar.com\/avatar\/383247cd769f7ac317a5bcda943ec48a3c79d996598ae4564ec21a0e178126d1?s=96&d=mm&r=g","url":"https:\/\/secure.gravatar.com\/avatar\/383247cd769f7ac317a5bcda943ec48a3c79d996598ae4564ec21a0e178126d1?s=96&d=mm&r=g","height":96,"width":96}},"publisher":{"@type":"Organization","name":"er-sme.cz","logo":{"@type":"ImageObject","@id":"\/logo.png","url":"\/logo.png","width":600,"height":60}},"image":{"@type":"ImageObject","@id":"https:\/\/www.er-sme.cz\/wp-content\/uploads\/img_a366151_w1722_t1578838201.jpg","url":"https:\/\/www.er-sme.cz\/wp-content\/uploads\/img_a366151_w1722_t1578838201.jpg","height":0,"width":0},"wordCount":4530,"keywords":null},{"@type":"Article","@id":"https:\/\/www.er-sme.cz\/bude-mit-mimi-doma-vsechno\/","headline":"Bude m\u00edt mimi doma v\u0161echno?","url":"https:\/\/www.er-sme.cz\/bude-mit-mimi-doma-vsechno\/","datePublished":"2019-09-04","dateModified":"2023-04-27","mainEntityOfPage":"https:\/\/www.er-sme.cz\/bude-mit-mimi-doma-vsechno\/","author":{"@type":"Person","@id":"https:\/\/www.er-sme.cz\/author\/#Person","name":"er-sme.cz","url":"https:\/\/www.er-sme.cz\/author\/","identifier":1,"image":{"@type":"ImageObject","@id":"https:\/\/secure.gravatar.com\/avatar\/383247cd769f7ac317a5bcda943ec48a3c79d996598ae4564ec21a0e178126d1?s=96&d=mm&r=g","url":"https:\/\/secure.gravatar.com\/avatar\/383247cd769f7ac317a5bcda943ec48a3c79d996598ae4564ec21a0e178126d1?s=96&d=mm&r=g","height":96,"width":96}},"publisher":{"@type":"Organization","name":"er-sme.cz","logo":{"@type":"ImageObject","@id":"\/logo.png","url":"\/logo.png","width":600,"height":60}},"image":{"@type":"ImageObject","@id":"https:\/\/www.er-sme.cz\/wp-content\/uploads\/img_a342194_w1702_t1555068353.jpg","url":"https:\/\/www.er-sme.cz\/wp-content\/uploads\/img_a342194_w1702_t1555068353.jpg","height":0,"width":0},"wordCount":621,"keywords":null},{"@type":"Article","@id":"https:\/\/www.er-sme.cz\/parketove-podlahy-maji-sve-historicke-kouzlo\/","headline":"Parketov\u00e9 podlahy maj\u00ed sv\u00e9 historick\u00e9 kouzlo","url":"https:\/\/www.er-sme.cz\/parketove-podlahy-maji-sve-historicke-kouzlo\/","datePublished":"2019-08-27","dateModified":"2023-04-27","mainEntityOfPage":"https:\/\/www.er-sme.cz\/parketove-podlahy-maji-sve-historicke-kouzlo\/","author":{"@type":"Person","@id":"https:\/\/www.er-sme.cz\/author\/#Person","name":"er-sme.cz","url":"https:\/\/www.er-sme.cz\/author\/","identifier":1,"image":{"@type":"ImageObject","@id":"https:\/\/secure.gravatar.com\/avatar\/383247cd769f7ac317a5bcda943ec48a3c79d996598ae4564ec21a0e178126d1?s=96&d=mm&r=g","url":"https:\/\/secure.gravatar.com\/avatar\/383247cd769f7ac317a5bcda943ec48a3c79d996598ae4564ec21a0e178126d1?s=96&d=mm&r=g","height":96,"width":96}},"publisher":{"@type":"Organization","name":"er-sme.cz","logo":{"@type":"ImageObject","@id":"\/logo.png","url":"\/logo.png","width":600,"height":60}},"image":{"@type":"ImageObject","@id":"https:\/\/www.er-sme.cz\/wp-content\/uploads\/img_a358516_w1722_t1572936546.jpg","url":"https:\/\/www.er-sme.cz\/wp-content\/uploads\/img_a358516_w1722_t1572936546.jpg","height":0,"width":0},"wordCount":531,"keywords":null},{"@type":"Article","@id":"https:\/\/www.er-sme.cz\/kazdy-muze-mit-spravny-vuz\/","headline":"Ka\u017ed\u00fd m\u016f\u017ee m\u00edt spr\u00e1vn\u00fd v\u016fz","url":"https:\/\/www.er-sme.cz\/kazdy-muze-mit-spravny-vuz\/","datePublished":"2019-08-25","dateModified":"2023-04-27","mainEntityOfPage":"https:\/\/www.er-sme.cz\/kazdy-muze-mit-spravny-vuz\/","author":{"@type":"Person","@id":"https:\/\/www.er-sme.cz\/author\/#Person","name":"er-sme.cz","url":"https:\/\/www.er-sme.cz\/author\/","identifier":1,"image":{"@type":"ImageObject","@id":"https:\/\/secure.gravatar.com\/avatar\/383247cd769f7ac317a5bcda943ec48a3c79d996598ae4564ec21a0e178126d1?s=96&d=mm&r=g","url":"https:\/\/secure.gravatar.com\/avatar\/383247cd769f7ac317a5bcda943ec48a3c79d996598ae4564ec21a0e178126d1?s=96&d=mm&r=g","height":96,"width":96}},"publisher":{"@type":"Organization","name":"er-sme.cz","logo":{"@type":"ImageObject","@id":"\/logo.png","url":"\/logo.png","width":600,"height":60}},"image":{"@type":"ImageObject","@id":"https:\/\/www.er-sme.cz\/wp-content\/uploads\/img_a358407_w1722_t1572611388.jpg","url":"https:\/\/www.er-sme.cz\/wp-content\/uploads\/img_a358407_w1722_t1572611388.jpg","height":0,"width":0},"wordCount":637,"keywords":null},{"@type":"Article","@id":"https:\/\/www.er-sme.cz\/pred-jizdou-na-dovolenou-s-karavanem-zkontrolujte-i-tazne-zarizeni\/","headline":"P\u0159ed j\u00edzdou na dovolenou s karavanem zkontrolujte i ta\u017en\u00e9 za\u0159\u00edzen\u00ed","url":"https:\/\/www.er-sme.cz\/pred-jizdou-na-dovolenou-s-karavanem-zkontrolujte-i-tazne-zarizeni\/","datePublished":"2019-08-21","dateModified":"2023-04-27","mainEntityOfPage":"https:\/\/www.er-sme.cz\/pred-jizdou-na-dovolenou-s-karavanem-zkontrolujte-i-tazne-zarizeni\/","author":{"@type":"Person","@id":"https:\/\/www.er-sme.cz\/author\/#Person","name":"er-sme.cz","url":"https:\/\/www.er-sme.cz\/author\/","identifier":1,"image":{"@type":"ImageObject","@id":"https:\/\/secure.gravatar.com\/avatar\/383247cd769f7ac317a5bcda943ec48a3c79d996598ae4564ec21a0e178126d1?s=96&d=mm&r=g","url":"https:\/\/secure.gravatar.com\/avatar\/383247cd769f7ac317a5bcda943ec48a3c79d996598ae4564ec21a0e178126d1?s=96&d=mm&r=g","height":96,"width":96}},"publisher":{"@type":"Organization","name":"er-sme.cz","logo":{"@type":"ImageObject","@id":"\/logo.png","url":"\/logo.png","width":600,"height":60}},"image":{"@type":"ImageObject","@id":"https:\/\/www.er-sme.cz\/wp-content\/uploads\/img_a357228_w1722_t1571826496.jpg","url":"https:\/\/www.er-sme.cz\/wp-content\/uploads\/img_a357228_w1722_t1571826496.jpg","height":0,"width":0},"wordCount":570,"keywords":null},{"@type":"Article","@id":"https:\/\/www.er-sme.cz\/stylove-oznameni-je-dulezita-soucast-svatebnich-priprav\/","headline":"Stylov\u00e9 ozn\u00e1men\u00ed je d\u016fle\u017eit\u00e1 sou\u010d\u00e1st svatebn\u00edch p\u0159\u00edprav","url":"https:\/\/www.er-sme.cz\/stylove-oznameni-je-dulezita-soucast-svatebnich-priprav\/","datePublished":"2019-08-20","dateModified":"2023-04-27","mainEntityOfPage":"https:\/\/www.er-sme.cz\/stylove-oznameni-je-dulezita-soucast-svatebnich-priprav\/","author":{"@type":"Person","@id":"https:\/\/www.er-sme.cz\/author\/#Person","name":"er-sme.cz","url":"https:\/\/www.er-sme.cz\/author\/","identifier":1,"image":{"@type":"ImageObject","@id":"https:\/\/secure.gravatar.com\/avatar\/383247cd769f7ac317a5bcda943ec48a3c79d996598ae4564ec21a0e178126d1?s=96&d=mm&r=g","url":"https:\/\/secure.gravatar.com\/avatar\/383247cd769f7ac317a5bcda943ec48a3c79d996598ae4564ec21a0e178126d1?s=96&d=mm&r=g","height":96,"width":96}},"publisher":{"@type":"Organization","name":"er-sme.cz","logo":{"@type":"ImageObject","@id":"\/logo.png","url":"\/logo.png","width":600,"height":60}},"image":{"@type":"ImageObject","@id":"https:\/\/www.er-sme.cz\/wp-content\/uploads\/img_a360755_w1722_t1574322503.jpg","url":"https:\/\/www.er-sme.cz\/wp-content\/uploads\/img_a360755_w1722_t1574322503.jpg","height":0,"width":0},"wordCount":528,"keywords":null},{"@type":"Article","@id":"https:\/\/www.er-sme.cz\/garaz-neni-prepych-ale-nutnost\/","headline":"Gar\u00e1\u017e nen\u00ed p\u0159epych, ale nutnost","url":"https:\/\/www.er-sme.cz\/garaz-neni-prepych-ale-nutnost\/","datePublished":"2019-08-19","dateModified":"2023-04-27","mainEntityOfPage":"https:\/\/www.er-sme.cz\/garaz-neni-prepych-ale-nutnost\/","author":{"@type":"Person","@id":"https:\/\/www.er-sme.cz\/author\/#Person","name":"er-sme.cz","url":"https:\/\/www.er-sme.cz\/author\/","identifier":1,"image":{"@type":"ImageObject","@id":"https:\/\/secure.gravatar.com\/avatar\/383247cd769f7ac317a5bcda943ec48a3c79d996598ae4564ec21a0e178126d1?s=96&d=mm&r=g","url":"https:\/\/secure.gravatar.com\/avatar\/383247cd769f7ac317a5bcda943ec48a3c79d996598ae4564ec21a0e178126d1?s=96&d=mm&r=g","height":96,"width":96}},"publisher":{"@type":"Organization","name":"er-sme.cz","logo":{"@type":"ImageObject","@id":"\/logo.png","url":"\/logo.png","width":600,"height":60}},"image":{"@type":"ImageObject","@id":"https:\/\/www.er-sme.cz\/wp-content\/uploads\/img_a358918_w1722_t1573125026.jpg","url":"https:\/\/www.er-sme.cz\/wp-content\/uploads\/img_a358918_w1722_t1573125026.jpg","height":0,"width":0},"wordCount":587,"keywords":null},{"@type":"Article","@id":"https:\/\/www.er-sme.cz\/ziskejte-vetsi-prehled-ve-svete-obchodovani\/","headline":"Z\u00edskejte v\u011bt\u0161\u00ed p\u0159ehled ve sv\u011bt\u011b obchodov\u00e1n\u00ed","url":"https:\/\/www.er-sme.cz\/ziskejte-vetsi-prehled-ve-svete-obchodovani\/","datePublished":"2019-08-16","dateModified":"2023-04-27","mainEntityOfPage":"https:\/\/www.er-sme.cz\/ziskejte-vetsi-prehled-ve-svete-obchodovani\/","author":{"@type":"Person","@id":"https:\/\/www.er-sme.cz\/author\/#Person","name":"er-sme.cz","url":"https:\/\/www.er-sme.cz\/author\/","identifier":1,"image":{"@type":"ImageObject","@id":"https:\/\/secure.gravatar.com\/avatar\/383247cd769f7ac317a5bcda943ec48a3c79d996598ae4564ec21a0e178126d1?s=96&d=mm&r=g","url":"https:\/\/secure.gravatar.com\/avatar\/383247cd769f7ac317a5bcda943ec48a3c79d996598ae4564ec21a0e178126d1?s=96&d=mm&r=g","height":96,"width":96}},"publisher":{"@type":"Organization","name":"er-sme.cz","logo":{"@type":"ImageObject","@id":"\/logo.png","url":"\/logo.png","width":600,"height":60}},"image":{"@type":"ImageObject","@id":"https:\/\/www.er-sme.cz\/wp-content\/uploads\/img_a357126_w1722_t1571739763.jpg","url":"https:\/\/www.er-sme.cz\/wp-content\/uploads\/img_a357126_w1722_t1571739763.jpg","height":0,"width":0},"wordCount":576,"keywords":null}]},{"@context":"https:\/\/schema.org","@type":"WebSite","@id":"https:\/\/www.er-sme.cz\/#website","name":"Er sme","url":"https:\/\/www.er-sme.cz","potentialAction":{"@type":"SearchAction","target":"https:\/\/www.er-sme.cz\/?s={search_term_string}","query-input":"required name=search_term_string"}}]