[{"@context":"https:\/\/schema.org\/","@type":"Article","@id":"https:\/\/www.er-sme.cz\/pravo-deti-na-zivot\/#Article","mainEntityOfPage":"https:\/\/www.er-sme.cz\/pravo-deti-na-zivot\/","headline":"Pr\u00e1vo d\u011bt\u00ed na \u017eivot","name":"Pr\u00e1vo d\u011bt\u00ed na \u017eivot","description":"Pochopen\u00ed pr\u00e1va d\u00edt\u011bte na \u017eivot Pr\u00e1vo na \u017eivot je v\u0161eobecn\u011b uzn\u00e1van\u00e9 pr\u00e1vo pro v\u0161echny lidsk\u00e9 bytosti. Jedn\u00e1 se o z\u00e1kladn\u00ed pr\u00e1vo, od kter\u00e9ho...","datePublished":"2025-03-02","dateModified":"2023-04-27","author":{"@type":"Person","@id":"https:\/\/www.er-sme.cz\/author\/#Person","name":"er-sme.cz","url":"https:\/\/www.er-sme.cz\/author\/","identifier":1,"image":{"@type":"ImageObject","@id":"https:\/\/secure.gravatar.com\/avatar\/383247cd769f7ac317a5bcda943ec48a3c79d996598ae4564ec21a0e178126d1?s=96&d=mm&r=g","url":"https:\/\/secure.gravatar.com\/avatar\/383247cd769f7ac317a5bcda943ec48a3c79d996598ae4564ec21a0e178126d1?s=96&d=mm&r=g","height":96,"width":96}},"publisher":{"@type":"Organization","name":"er-sme.cz","logo":{"@type":"ImageObject","@id":"\/logo.png","url":"\/logo.png","width":600,"height":60}},"image":{"@type":"ImageObject","@id":"https:\/\/www.er-sme.cz\/wp-content\/uploads\/img_a306865_w1722_t1518115407.jpg","url":"https:\/\/www.er-sme.cz\/wp-content\/uploads\/img_a306865_w1722_t1518115407.jpg","height":0,"width":0},"url":"https:\/\/www.er-sme.cz\/pravo-deti-na-zivot\/","about":["Slu\u017eby"],"wordCount":426,"articleBody":"Pochopen\u00ed pr\u00e1va d\u00edt\u011bte na \u017eivot Pr\u00e1vo na \u017eivot je v\u0161eobecn\u011b uzn\u00e1van\u00e9 pr\u00e1vo pro v\u0161echny lidsk\u00e9 bytosti. Jedn\u00e1 se o z\u00e1kladn\u00ed pr\u00e1vo, od kter\u00e9ho se odv\u00edjej\u00ed ve\u0161ker\u00e1 ostatn\u00ed st\u00e1vaj\u00edc\u00ed pr\u00e1va. V p\u0159\u00edpad\u011b jeho neexistence by nemohla existovat \u017e\u00e1dn\u00e1 dal\u0161\u00ed z\u00e1kladn\u00ed pr\u00e1va. Pro d\u011bti obn\u00e1\u0161\u00ed pr\u00e1vo na \u017eivot \u0161anci \u017eit\u00ed a mo\u017enosti r\u016fstu, d\u00e1le se rozv\u00edjet a st\u00e1t se dosp\u011bl\u00fdm. Toto pr\u00e1vo se skl\u00e1d\u00e1 ze dvou z\u00e1kladn\u00edch aspekt\u016f: \u00b7 Pr\u00e1vo na \u017eivot (vznik\u00e1 od okam\u017eiku narozen\u00ed) \u00b7 Pr\u00e1vo rozv\u00edjet se Pr\u00e1vo na \u017eivot pat\u0159\u00ed mezi z\u00e1kladn\u00ed pr\u00e1va ka\u017ed\u00e9ho \u010dlov\u011bka, tedy v\u0161ech lidsk\u00fdch bytost\u00ed a je nedotknuteln\u00e9  Od narozen\u00ed je jedinec pova\u017eov\u00e1n za \u017eivou bytost, kter\u00e1 mus\u00ed b\u00fdt chr\u00e1n\u011bna s \u010d\u00edm\u017e je tak\u00e9 spojeno respektov\u00e1n\u00ed jeho d\u016fstojnosti. Od narozen\u00ed tedy maj\u00ed v\u0161echny d\u011bti pr\u00e1vo na ochranu sv\u00e9ho \u017eivota.Pr\u00e1vem na \u017eivot nem\u016f\u017ee b\u00fdt automaticky d\u00e1no tak\u00e9 pr\u00e1vo na smrt Pr\u00e1vo na \u017eivot nem\u016f\u017ee znamenat tak\u00e9 pr\u00e1vo na smrt. Je to form\u00e1ln\u00ed z\u00e1kaz toho, aby n\u011bkdo \u00famysln\u011b zp\u016fsobil smrt \u010dlov\u011bka. Pr\u00e1vo na p\u0159e\u017eit\u00ed a rozvoj d\u00edt\u011bte D\u00edt\u011b m\u00e1 pr\u00e1vo na \u017eivot tak\u00e9 pokra\u010dov\u00e1n\u00edm nutnost\u00ed zajistit, aby d\u011bti m\u011bly mo\u017enost r\u016fst a rozv\u00edjet se za p\u0159\u00edzniv\u00fdch podm\u00ednek. Pot\u00e9 je nutn\u00e9, aby d\u011bti mohly m\u00edt prosp\u011bch i odpov\u00eddaj\u00edc\u00ed zdravotn\u00ed p\u00e9\u010di, vyv\u00e1\u017eenou stravu a kvalitn\u00ed vzd\u011bl\u00e1v\u00e1n\u00ed.\u00daloha zem\u00ed na podporu p\u0159e\u017eit\u00ed a rozvoje ka\u017ed\u00e9ho d\u00edt\u011bte \u00dakolem zem\u00ed je zajistit, aby d\u011bti m\u011bly za ka\u017ed\u00fdch okolnost\u00ed mo\u017enost rozv\u00edjet se zdrav\u00fdm a norm\u00e1ln\u00edm zp\u016fsobem (m\u00edr, v\u00e1lka, p\u0159\u00edrodn\u00ed katastrofa). Mus\u00ed zaru\u010dit ochranu, kter\u00e1 je vhodn\u00e1 pro v\u0161echny d\u011bti bez ohledu na jejich soci\u00e1ln\u00ed \u010di etnick\u00fd p\u016fvod. Ve\u0161ker\u00e9 zem\u011b by se m\u011bly \u0159\u00eddit v\u00fd\u0161e uveden\u00fdch pr\u00e1v, bohu\u017eel i tohle pr\u00e1vo, jako\u017eto jedno z nejd\u016fle\u017eit\u011bj\u0161\u00edch je st\u00e1le pr\u00e1vem poru\u0161ovan\u00fdm a to v mnoha zem\u00edch. St\u00e1le je\u0161t\u011b na na\u0161\u00ed planet\u011b existuj\u00ed m\u00edsta, kde \u017eivot nem\u00e1 hodnotu \u017eivota, ale smrti.                                                                                                                                                                                                                                                                                                                                                                                        5\/5 - (2 votes)        "},{"@context":"https:\/\/schema.org\/","@type":"BreadcrumbList","itemListElement":[{"@type":"ListItem","position":1,"name":"Pr\u00e1vo d\u011bt\u00ed na \u017eivot","item":"https:\/\/www.er-sme.cz\/pravo-deti-na-zivot\/#breadcrumbitem"}]}]