[{"@context":"https:\/\/schema.org\/","@type":"Article","@id":"https:\/\/www.er-sme.cz\/pro-dobry-pocit\/#Article","mainEntityOfPage":"https:\/\/www.er-sme.cz\/pro-dobry-pocit\/","headline":"Pro dobr\u00fd pocit","name":"Pro dobr\u00fd pocit","description":"\u017de jste pro svoje bydlen\u00ed ud\u011blali maximum, \u017ee jste se mu v\u011bnovali s plnou p\u00e9\u010d\u00ed a vyladili ho do posledn\u00edho detailu, byste m\u011bli...","datePublished":"2024-10-26","dateModified":"2024-10-26","author":{"@type":"Person","@id":"https:\/\/www.er-sme.cz\/author\/#Person","name":"er-sme.cz","url":"https:\/\/www.er-sme.cz\/author\/","identifier":1,"image":{"@type":"ImageObject","@id":"https:\/\/secure.gravatar.com\/avatar\/383247cd769f7ac317a5bcda943ec48a3c79d996598ae4564ec21a0e178126d1?s=96&d=mm&r=g","url":"https:\/\/secure.gravatar.com\/avatar\/383247cd769f7ac317a5bcda943ec48a3c79d996598ae4564ec21a0e178126d1?s=96&d=mm&r=g","height":96,"width":96}},"publisher":{"@type":"Organization","name":"er-sme.cz","logo":{"@type":"ImageObject","@id":"\/logo.png","url":"\/logo.png","width":600,"height":60}},"url":"https:\/\/www.er-sme.cz\/pro-dobry-pocit\/","wordCount":252,"articleBody":"\u017de jste pro svoje bydlen\u00ed ud\u011blali maximum, \u017ee jste se mu v\u011bnovali s plnou p\u00e9\u010d\u00ed a vyladili ho do posledn\u00edho detailu, byste m\u011bli m\u00edt vy\u0159e\u0161en\u00e9 ve\u0161ker\u00e9 drobnosti, kter\u00e9 pr\u00e1v\u011b d\u011blaj\u00ed v\u00e1\u0161 domov, kter\u00e9 pr\u00e1v\u011b d\u011blaj\u00ed tu neopakovatelnou atmosf\u00e9ru! Ty mali\u010dkosti ka\u017edodenn\u00edho pou\u017e\u00edv\u00e1n\u00ed, ty drobnosti, kter\u00e9 v\u00e1s nenechaj\u00ed na pochyb\u00e1ch, \u017ee v\u00e1\u0161 v\u00fdb\u011br se vyplatil! Vybrali jste n\u00e1dhern\u00e9 n\u00e1bytkov\u00e9 \u00fachytky od n\u00e1s! Po\u0159\u00eddili jste si je v na\u0161em internetov\u00e9m obchod\u011b a ony v\u00e1m prok\u00e1zali dobrou slu\u017ebu. Pov\u00fd\u0161ily va\u0161e bydlen\u00ed na vy\u0161\u0161\u00ed \u00farove\u0148! Vy nechcete m\u00edt oby\u010dejn\u00e9, jako ka\u017ed\u00fd jin\u00fd, vy chcete m\u00edt zaj\u00edmav\u00e9, n\u011b\u010d\u00edm se odli\u0161ovat od ostatn\u00edch! A to se v\u00e1m d\u00edky na\u0161im produkt\u016fm jednozna\u010dn\u011b poda\u0159ilo!Se z\u00e1palem pro v\u011bcN\u011bkoho to ani nenapadne! N\u011bkomu ani nep\u0159ijde na mysl, \u017ee by mohl pou\u017e\u00edvat nad\u010dasov\u00e9 z\u00e1le\u017eitosti, kter\u00fdmi se stane origin\u00e1ln\u00edm! Je to \u0161koda, proto\u017ee v\u0161echny tyto z\u00e1le\u017eitosti, a\u0165 se to v na\u0161em \u017eivot\u011b t\u00fdk\u00e1 \u010dehokoliv, n\u00e1s obohacuj\u00ed a p\u0159in\u00e1\u0161ej\u00ed n\u00e1m jinou dimenzi \u017eit\u00ed! Na\u0161e v\u00fdrobky a dopl\u0148ky jsou toho jednozna\u010dn\u00fdm ukazatelem! Ka\u017ed\u00fd kdo nakupuje u n\u00e1s, m\u00e1 p\u0159ehled a v\u00ed, co v \u017eivot\u011b chce!                                                                                                                                                                                                                                                                                                                                                                                        4.5\/5 - (2 votes)        "},{"@context":"https:\/\/schema.org\/","@type":"BreadcrumbList","itemListElement":[{"@type":"ListItem","position":1,"name":"Pro dobr\u00fd pocit","item":"https:\/\/www.er-sme.cz\/pro-dobry-pocit\/#breadcrumbitem"}]}]