[{"@context":"https:\/\/schema.org\/","@type":"Article","@id":"https:\/\/www.er-sme.cz\/proc-se-neinspirovat\/#Article","mainEntityOfPage":"https:\/\/www.er-sme.cz\/proc-se-neinspirovat\/","headline":"Pro\u010d se neinspirovat?","name":"Pro\u010d se neinspirovat?","description":"Pokud \u010dlov\u011bk n\u011bkde tr\u00e1v\u00ed v\u011bt\u0161\u00ed ne\u017e zanedbatelnou \u010d\u00e1st sv\u00e9ho voln\u00e9ho \u010dasu, m\u011blo by ho obklopovat prost\u0159ed\u00ed, v n\u011bm\u017e se tento c\u00edt\u00ed dob\u0159e. Proto\u017ee...","datePublished":"2019-09-12","dateModified":"2023-04-27","author":{"@type":"Person","@id":"https:\/\/www.er-sme.cz\/author\/#Person","name":"er-sme.cz","url":"https:\/\/www.er-sme.cz\/author\/","identifier":1,"image":{"@type":"ImageObject","@id":"https:\/\/secure.gravatar.com\/avatar\/383247cd769f7ac317a5bcda943ec48a3c79d996598ae4564ec21a0e178126d1?s=96&d=mm&r=g","url":"https:\/\/secure.gravatar.com\/avatar\/383247cd769f7ac317a5bcda943ec48a3c79d996598ae4564ec21a0e178126d1?s=96&d=mm&r=g","height":96,"width":96}},"publisher":{"@type":"Organization","name":"er-sme.cz","logo":{"@type":"ImageObject","@id":"\/logo.png","url":"\/logo.png","width":600,"height":60}},"image":{"@type":"ImageObject","@id":"https:\/\/www.er-sme.cz\/wp-content\/uploads\/img_a367528_w1722_t1579884397.jpg","url":"https:\/\/www.er-sme.cz\/wp-content\/uploads\/img_a367528_w1722_t1579884397.jpg","height":0,"width":0},"url":"https:\/\/www.er-sme.cz\/proc-se-neinspirovat\/","about":["Bydlen\u00ed"],"wordCount":433,"articleBody":"       Pokud \u010dlov\u011bk n\u011bkde tr\u00e1v\u00ed v\u011bt\u0161\u00ed ne\u017e zanedbatelnou \u010d\u00e1st sv\u00e9ho voln\u00e9ho \u010dasu, m\u011blo by ho obklopovat prost\u0159ed\u00ed, v n\u011bm\u017e se tento c\u00edt\u00ed dob\u0159e. Proto\u017ee nen\u00ed nic hor\u0161\u00edho, ne\u017e kdy\u017e je \u010dlov\u011bk nucen zdr\u017eovat se n\u011bkde, kde se mu ani trochu nel\u00edb\u00ed, kde to pro n\u011bj nen\u00ed dokonal\u00e9 nebo to dokonce vyvol\u00e1v\u00e1 pocity odporu, deprese, ba mo\u017en\u00e1 i hnusu. Ve ve\u0159ejn\u00fdch budov\u00e1ch se se st\u00e1vaj\u00edc\u00ed situac\u00ed moc nad\u011blat ned\u00e1, tady mus\u00ed ka\u017ed\u00fd akceptovat to, co ho obklopuje, proto\u017ee nem\u00e1 opr\u00e1vn\u011bn\u00ed do n\u011b\u010deho zasahovat. Ale doma, to je jin\u00e1. Tam by si to m\u011bl ka\u017ed\u00fd za\u0159\u00eddit tak, jak mu to nejl\u00e9pe vyhovuje. Tedy podle sv\u00e9ho. Ale to, \u017ee si \u010dlov\u011bk za\u0159izuje byt podle sv\u00e9ho, v\u016fbec neznamen\u00e1, \u017ee by musel spol\u00e9hat v\u00fdlu\u010dn\u011b na sv\u00e9 n\u00e1pady a svoji kreativitu. Nen\u00ed jedin\u00fd d\u016fvod, pro\u010d by se doty\u010dn\u00fd nemohl inspirovat n\u011bkde jinde. Proto\u017ee t\u0159eba n\u011bkdo jin\u00fd odhalil pr\u00e1v\u011b to, co p\u0159ijde i na\u0161emu hrdinovi vhod, a pro\u010d by si m\u011bl n\u011bkdo vym\u00fd\u0161let n\u011bco, co u\u017e bylo objeveno n\u011bk\u00fdm jin\u00fdm? A tak lze hledat inspiraci prakticky kdykoliv a kdekoliv. A kdo ji hled\u00e1, nejednou neprohloup\u00ed. Proto\u017ee t\u0159eba i prostor\u00e1m jako je chodba inspirace Skv\u011bl\u00fd domov p\u0159ijde \u010dasto vhod, i chodby jsou ned\u00edlnou sou\u010d\u00e1st\u00ed prostoru, ve kter\u00e9m se lid\u00e9 zdr\u017euj\u00ed a kde by se m\u011bli c\u00edtit dob\u0159e. A jak m\u00e1 takov\u00e1 chodba vypadat? To v\u00e1m tu osobn\u011b ne\u0159eknu. Proto\u017ee by se logicky na\u0161li jak ti, kdo by s m\u00fdm n\u00e1zorem souhlasili, tak i ti, kter\u00fdm by se m\u016fj n\u00e1zor nemusel zamlouvat. Jsme zkr\u00e1tka ka\u017ed\u00fd jin\u00fd. Ale nab\u00edz\u00edm v\u00e1m tu mo\u017enost, kam pro inspiraci zam\u00ed\u0159it. Pokud se v\u00e1m va\u0161e chodba nezd\u00e1 dokonal\u00e1 a cht\u011bli byste na n\u00ed n\u011bco zm\u011bnit. Nebo pokud n\u011bjak\u00e9 zm\u011bny alespo\u0148 nevylu\u010dujete. Proto\u017ee i na chodb\u011b by to m\u011blo vypadat hezky. I pobyt na t\u00e9to, jakkoliv t\u0159eba kr\u00e1tk\u00fd ve srovn\u00e1n\u00ed s ob\u00fdvac\u00edm pokojem, kuchyn\u00ed \u010di lo\u017enic\u00ed, by m\u011bl st\u00e1t za to. A pro\u010d byste si chodbu neupravili t\u0159eba i podle ciz\u00edho vzoru, \u017ee? Padne-li v\u00e1m tento do oka.                                                                                                                                                                                                                                                                                                                                                                                          3.2\/5 - (4 votes)        "},{"@context":"https:\/\/schema.org\/","@type":"BreadcrumbList","itemListElement":[{"@type":"ListItem","position":1,"name":"Pro\u010d se neinspirovat?","item":"https:\/\/www.er-sme.cz\/proc-se-neinspirovat\/#breadcrumbitem"}]}]