[{"@context":"https:\/\/schema.org\/","@type":"Article","@id":"https:\/\/www.er-sme.cz\/svatba-na-kterou-nezapomenete\/#Article","mainEntityOfPage":"https:\/\/www.er-sme.cz\/svatba-na-kterou-nezapomenete\/","headline":"Svatba, na kterou nezapomenete","name":"Svatba, na kterou nezapomenete","description":"Jestli\u017ee v tomto anebo v p\u0159\u00ed\u0161t\u00edm roce pl\u00e1nujete veselku, pak je zcela jist\u00e9, \u017ee v\u00e1m z\u00e1le\u017e\u00ed na jedin\u00e9m \u2013 aby byla naprosto dokonal\u00e1!...","datePublished":"2019-09-09","dateModified":"2023-04-27","author":{"@type":"Person","@id":"https:\/\/www.er-sme.cz\/author\/#Person","name":"er-sme.cz","url":"https:\/\/www.er-sme.cz\/author\/","identifier":1,"image":{"@type":"ImageObject","@id":"https:\/\/secure.gravatar.com\/avatar\/383247cd769f7ac317a5bcda943ec48a3c79d996598ae4564ec21a0e178126d1?s=96&d=mm&r=g","url":"https:\/\/secure.gravatar.com\/avatar\/383247cd769f7ac317a5bcda943ec48a3c79d996598ae4564ec21a0e178126d1?s=96&d=mm&r=g","height":96,"width":96}},"publisher":{"@type":"Organization","name":"er-sme.cz","logo":{"@type":"ImageObject","@id":"\/logo.png","url":"\/logo.png","width":600,"height":60}},"image":{"@type":"ImageObject","@id":"https:\/\/www.er-sme.cz\/wp-content\/uploads\/img_a359064_w1722_t1573201051.jpg","url":"https:\/\/www.er-sme.cz\/wp-content\/uploads\/img_a359064_w1722_t1573201051.jpg","height":0,"width":0},"url":"https:\/\/www.er-sme.cz\/svatba-na-kterou-nezapomenete\/","about":["Slu\u017eby"],"wordCount":429,"articleBody":"Jestli\u017ee v tomto anebo v p\u0159\u00ed\u0161t\u00edm roce pl\u00e1nujete veselku, pak je zcela jist\u00e9, \u017ee v\u00e1m z\u00e1le\u017e\u00ed na jedin\u00e9m \u2013 aby byla naprosto dokonal\u00e1! Nen\u00ed snad nikdo, kdo by si nep\u0159\u00e1l, aby jeho velk\u00fd den nebyl zcela jedine\u010dn\u00fd a nezapomenuteln\u00fd. A https:\/\/wiki.iurium.cz\/w\/Tradice  to jak pro hosty, tak p\u0159edev\u0161\u00edm pro \u017eenicha a nev\u011bstu, kte\u0159\u00ed budou na svou svatbu vzpom\u00ednat cel\u00fd \u017eivot. A pr\u00e1v\u011b proto by jejich velk\u00e1 oslava man\u017eelstv\u00ed m\u011bla b\u00fdt tak kr\u00e1sn\u00e1, aby na ni vzpom\u00ednali s dojet\u00edm a s nad\u0161en\u00edm. Pl\u00e1nujte v\u010das, vyhnete se tr\u00e1pen\u00ed Pr\u00e1v\u011b proto je nezbytn\u00e9 se v\u010das zamyslet nad t\u00edm, jakou veselku byste si p\u0159\u00e1li, a jak by m\u011bla vypadat. A samoz\u0159ejm\u011b nesm\u00edte zapomenout ani na naprosto z\u00e1sadn\u00ed rozhodnut\u00ed \u2013 zda budete v\u0161e p\u0159ipravovat sami, zda si povinnosti rozd\u011bl\u00edte i s n\u011bk\u00fdm druh\u00fdm, \u010di zda si najmete svatebn\u00edho koordin\u00e1tora, kter\u00fd se o v\u0161echno postar\u00e1 m\u00edsto v\u00e1s. Zku\u0161en\u00fd koordin\u00e1tor je s\u00e1zkou na jistotu, a p\u0159edev\u0161\u00edm na vdavky bez starost\u00ed. Na prvn\u00ed pohled to tak mo\u017en\u00e1 nemus\u00ed vypadat, ale zorganizovat i tu nejmen\u0161\u00ed veselku d\u00e1 opravdu spoustu pr\u00e1ce, nebo\u0165 jej\u00ed harmonogram, alespo\u0148 pokud jde o hlavn\u00ed body, je p\u0159edem dan\u00fd tradic\u00ed, a v\u00e1m nezb\u00fdv\u00e1, ne\u017e v\u0161e co nejl\u00e9pe zajistit. I ten nejmen\u0161\u00ed ob\u0159ad d\u00e1 mnoho pr\u00e1ce I kdybyste se rozhodli v\u0161e prov\u00e9st maxim\u00e1ln\u011b jednodu\u0161e a v tom nejmen\u0161\u00edm form\u00e1tu, tak v ka\u017ed\u00e9m p\u0159\u00edpad\u011b budete pot\u0159ebovat vhodn\u00e9 slavnostn\u00ed \u0161aty a obut\u00ed. Budete si muset zvolit a rezervovat m\u00edsto ob\u0159adu, vy\u0159\u00eddit ve\u0161ker\u00e9 \u00fa\u0159edn\u00ed n\u00e1le\u017eitosti. Zajistit tisk a rozes\u00edlku ozn\u00e1men\u00ed, kv\u011btiny, v\u00fdslu\u017eky, slavnostn\u00ed poho\u0161t\u011bn\u00ed pro hosty, a tak d\u00e1le. A to v\u0161e plat\u00ed i v p\u0159\u00edpad\u011b, kdy se budete br\u00e1t takzvan\u011b tajn\u011b, pouze se sv\u011bdky. Tak\u017ee je snadn\u00e9 si p\u0159edstavit, \u017ee v p\u0159\u00edpad\u011b v\u011bt\u0161\u00ed veselky s v\u00edce hosty bude takov\u00fdch povinnost\u00ed je\u0161t\u011b mnohem v\u00edce. A pr\u00e1v\u011b t\u00edhu v\u0161ech podobn\u00fdch starost\u00ed z v\u00e1s sejme koordin\u00e1tor ze svatby Praha, tak\u017ee v\u00e1\u0161 velk\u00fd den i jeho p\u0159\u00edpravy budou nezapomenuteln\u00e9, a vy na n\u011b budete vzpom\u00ednat s radost\u00ed \u2013 tedy tak, jak to m\u00e1 b\u00fdt.                                                                                                                                                                                                                                                                                                                                                                                        4.7\/5 - (4 votes)        "},{"@context":"https:\/\/schema.org\/","@type":"BreadcrumbList","itemListElement":[{"@type":"ListItem","position":1,"name":"Svatba, na kterou nezapomenete","item":"https:\/\/www.er-sme.cz\/svatba-na-kterou-nezapomenete\/#breadcrumbitem"}]}]