[{"@context":"https:\/\/schema.org\/","@type":"Article","@id":"https:\/\/www.er-sme.cz\/ukazte-sve-telo-v-plne-parade-a-v-te-spravne-barve\/#Article","mainEntityOfPage":"https:\/\/www.er-sme.cz\/ukazte-sve-telo-v-plne-parade-a-v-te-spravne-barve\/","headline":"Uka\u017ete sv\u00e9 t\u011blo v pln\u00e9 par\u00e1d\u011b a v t\u00e9 spr\u00e1vn\u00e9 barv\u011b!","name":"Uka\u017ete sv\u00e9 t\u011blo v pln\u00e9 par\u00e1d\u011b a v t\u00e9 spr\u00e1vn\u00e9 barv\u011b!","description":"Kdy\u017e se chcete l\u00edbit, pak z\u00e1le\u017e\u00ed na ka\u017ed\u00e9m detailu. A to nejen na tom, co si vezmete na sebe, jak se nal\u00ed\u010d\u00edte, anebo...","datePublished":"2020-01-11","dateModified":"2023-12-27","author":{"@type":"Person","@id":"https:\/\/www.er-sme.cz\/author\/#Person","name":"er-sme.cz","url":"https:\/\/www.er-sme.cz\/author\/","identifier":1,"image":{"@type":"ImageObject","@id":"https:\/\/secure.gravatar.com\/avatar\/383247cd769f7ac317a5bcda943ec48a3c79d996598ae4564ec21a0e178126d1?s=96&d=mm&r=g","url":"https:\/\/secure.gravatar.com\/avatar\/383247cd769f7ac317a5bcda943ec48a3c79d996598ae4564ec21a0e178126d1?s=96&d=mm&r=g","height":96,"width":96}},"publisher":{"@type":"Organization","name":"er-sme.cz","logo":{"@type":"ImageObject","@id":"\/logo.png","url":"\/logo.png","width":600,"height":60}},"image":{"@type":"ImageObject","@id":"https:\/\/www.er-sme.cz\/wp-content\/uploads\/img_a373746_w1722_t1585207738.png","url":"https:\/\/www.er-sme.cz\/wp-content\/uploads\/img_a373746_w1722_t1585207738.png","height":0,"width":0},"url":"https:\/\/www.er-sme.cz\/ukazte-sve-telo-v-plne-parade-a-v-te-spravne-barve\/","about":["Slu\u017eby"],"wordCount":451,"articleBody":"       Kdy\u017e se chcete l\u00edbit, pak z\u00e1le\u017e\u00ed na ka\u017ed\u00e9m detailu. A to nejen na tom, co si vezmete na sebe, jak se nal\u00ed\u010d\u00edte, anebo zda m\u00e1te vysportovanou postavu. To v\u0161echno se jist\u011b po\u010d\u00edt\u00e1. Nicm\u00e9n\u011b d\u016fle\u017eit\u00e9 je i to, jak\u00fd je stav va\u0161\u00ed poko\u017eky \u2013 m\u011bla by b\u00fdt zdrav\u00e1, a tak\u00e9 kr\u00e1sn\u011b op\u00e1len\u00e1. I na tom z\u00e1le\u017e\u00ed. A kdy\u017e u\u017e jsme u opalov\u00e1n\u00ed, m\u011blo by b\u00fdt samoz\u0159ejm\u011b stejnom\u011brn\u00e9 a jednolit\u00e9 \u2013 jen tak kr\u00e1sn\u011b vynikne v ka\u017ed\u00e9m oble\u010den\u00ed a va\u0161e t\u011blo bude po v\u0161ech str\u00e1nk\u00e1ch dokonal\u00e9.Mnoho \u017een si mysl\u00ed, \u017ee tu spr\u00e1vnou barvu z\u00edsk\u00e1 na letn\u00ed dovolen\u00e9 u mo\u0159e. N\u011bco takov\u00e9ho je sice mo\u017en\u00e9, ale nepo\u010d\u00edtejte s t\u00edm, \u017ee by v\u00e1m p\u0159\u00edjemn\u00fd hn\u011bd\u00fd odst\u00edn k\u016f\u017ee vydr\u017eel po cel\u00fd rok \u2013 v zim\u011b op\u011bt nep\u0159\u00edjemn\u011b zesv\u011btl\u00e1te. Nav\u00edc, opalov\u00e1n\u00ed u mo\u0159e v l\u00e9t\u011b m\u00e1 sv\u00e1 rizika. V\u0161ichni moc dob\u0159e v\u00edme, \u017ee se to s n\u00edm nesm\u00ed p\u0159eh\u00e1n\u011bt a m\u011blo by j\u00edt maxim\u00e1ln\u011b o n\u011bkolik minut denn\u011b. A za takovou dobu intenzivn\u00ed bronz nikdo nez\u00edsk\u00e1. Pokud p\u016fjdete do rizika a budete se sma\u017eit na slun\u00ed\u010dku n\u011bkolik hodin, pak se nejen sp\u00e1l\u00edte, ale z\u00e1rove\u0148 riskujete v\u00e1\u017en\u00e9 onemocn\u011bn\u00ed k\u016f\u017ee. Lid\u00e9, kte\u0159\u00ed p\u0159ijedou na dovolenou b\u00edl\u00ed jako tvaroh, jsou v\u0161ude na prvn\u00ed pohled dob\u0159e vid\u011bt \u2013 a v\u011b\u0159te tomu, \u017ee jsou v\u0161em okolo tak trochu k sm\u00edchu, a rozhodn\u011b p\u0159\u00edli\u0161 par\u00e1dy na pl\u00e1\u017ei nenad\u011blaj\u00ed. Tak\u017ee pokud v\u00e1m z\u00e1le\u017e\u00ed na tom, abyste se ostatn\u00edm l\u00edbili, m\u011bli byste ji\u017e na letn\u00ed dovolenou vyrazit minim\u00e1ln\u011b se solidn\u00edm z\u00e1kladem. Ten v\u00e1m p\u0159ijde vhod i p\u0159i opalov\u00e1n\u00ed na pl\u00e1\u017ei, nebo\u0165 v\u00e1m ve v\u00fdsledku nebudou hrozit nehezk\u00e9 b\u00edl\u00e9 skvrny od vyp\u00e1len\u00e9ho oble\u010den\u00ed, plavek a sand\u00e1l\u016f. Zkr\u00e1tka, k poctiv\u00e9 celoro\u010dn\u00ed v\u00fdbav\u011b t\u011bch, kter\u00fdm na jejich vzhledu z\u00e1le\u017e\u00ed, pat\u0159\u00ed pravideln\u00e9 n\u00e1v\u0161t\u011bvy sol\u00e1ria v Brn\u011b. M\u016f\u017eete tam z\u00edskat jen zdrav\u00fd jemn\u011b hn\u011bd\u00fd z\u00e1klad, anebo rovnou kr\u00e1sn\u00e9 atraktivn\u00ed op\u00e1len\u00ed, kter\u00e9 ocen\u00edte nejen v l\u00e9t\u011b u vody, ale samoz\u0159ejm\u011b i v zim\u011b na plese, a zkr\u00e1tka kdekoli, kde se budete odhalovat. S takovou v\u00fdbavou pak budete dokonale p\u0159ipraveni do spole\u010dnosti!                                                                                                                                                                                                                                                                                                                                                                                          4.3\/5 - (6 votes)        "},{"@context":"https:\/\/schema.org\/","@type":"BreadcrumbList","itemListElement":[{"@type":"ListItem","position":1,"name":"Uka\u017ete sv\u00e9 t\u011blo v pln\u00e9 par\u00e1d\u011b a v t\u00e9 spr\u00e1vn\u00e9 barv\u011b!","item":"https:\/\/www.er-sme.cz\/ukazte-sve-telo-v-plne-parade-a-v-te-spravne-barve\/#breadcrumbitem"}]}]