[{"@context":"https:\/\/schema.org\/","@type":"Article","@id":"https:\/\/www.er-sme.cz\/uklid-domacnosti-bytu-i-kancelari\/#Article","mainEntityOfPage":"https:\/\/www.er-sme.cz\/uklid-domacnosti-bytu-i-kancelari\/","headline":"\u00daklid dom\u00e1cnost\u00ed, byt\u016f i kancel\u00e1\u0159\u00ed","name":"\u00daklid dom\u00e1cnost\u00ed, byt\u016f i kancel\u00e1\u0159\u00ed","description":"Zn\u00e1te to, z pr\u00e1ce dom\u016f, va\u0159it, ukl\u00edzet, starat se o d\u011bti a neust\u00e1le do kola. Pokud nav\u00edc m\u00e1te \u010dasov\u011b n\u00e1ro\u010dnou pr\u00e1ci nebo je\u0161t\u011b...","datePublished":"2019-10-23","dateModified":"2023-04-27","author":{"@type":"Person","@id":"https:\/\/www.er-sme.cz\/author\/#Person","name":"er-sme.cz","url":"https:\/\/www.er-sme.cz\/author\/","identifier":1,"image":{"@type":"ImageObject","@id":"https:\/\/secure.gravatar.com\/avatar\/383247cd769f7ac317a5bcda943ec48a3c79d996598ae4564ec21a0e178126d1?s=96&d=mm&r=g","url":"https:\/\/secure.gravatar.com\/avatar\/383247cd769f7ac317a5bcda943ec48a3c79d996598ae4564ec21a0e178126d1?s=96&d=mm&r=g","height":96,"width":96}},"publisher":{"@type":"Organization","name":"er-sme.cz","logo":{"@type":"ImageObject","@id":"\/logo.png","url":"\/logo.png","width":600,"height":60}},"image":{"@type":"ImageObject","@id":"https:\/\/www.er-sme.cz\/wp-content\/uploads\/img_a361759_w1722_t1574875465.jpg","url":"https:\/\/www.er-sme.cz\/wp-content\/uploads\/img_a361759_w1722_t1574875465.jpg","height":0,"width":0},"url":"https:\/\/www.er-sme.cz\/uklid-domacnosti-bytu-i-kancelari\/","about":["Slu\u017eby"],"wordCount":446,"articleBody":"        Zn\u00e1te to, z pr\u00e1ce dom\u016f, va\u0159it, ukl\u00edzet, starat se o d\u011bti a neust\u00e1le do kola. Pokud nav\u00edc m\u00e1te \u010dasov\u011b n\u00e1ro\u010dnou pr\u00e1ci nebo je\u0161t\u011b k tomu doj\u00ed\u017ed\u011bn\u00ed, nen\u00ed to \u017e\u00e1dn\u00e1 legrace postarat se o celou dom\u00e1cnost. Chcete si kone\u010dn\u011b u\u017e\u00edt sv\u016fj voln\u00fd \u010das? Nechcete se zbyte\u010dn\u011b zat\u011b\u017eovat n\u011bjak\u00fdm ukl\u00edzen\u00edm? Mo\u017en\u00e1 V\u00e1m to p\u0159ipad\u00e1 \u201edivn\u00e9\u201c, \u017ee byste m\u011bli \u00faklid sv\u011b\u0159it n\u011bkomu jin\u00e9mu, nap\u0159\u00edklad ciz\u00ed firm\u011b, ale je to naprosto b\u011b\u017en\u00e9. V dne\u0161n\u00edm sv\u011bt\u011b se jedn\u00e1 o velice \u017e\u00e1danou slu\u017ebu, proto\u017ee lid\u00e9 si rad\u011bji ne\u017e ukl\u00edzen\u00ed, u\u017e\u00edvaj\u00ed sv\u016fj voln\u00fd \u010das podle vlastn\u00edho uv\u00e1\u017een\u00ed a tr\u00e1v\u00ed ho t\u0159eba s rodinou nebo p\u0159\u00e1teli \u010di n\u011b\u010d\u00edm jin\u00fdm, co maj\u00ed r\u00e1di. Nemus\u00edte se stresovat, \u017ee v\u0161echno nestihnete, nemus\u00edte se v noci budit hr\u016fzou, \u017ee je\u0161t\u011b nem\u00e1te v\u0161echno hotov\u00e9 a nemus\u00edte vym\u00fd\u0161let, kdy to v\u0161echno asi tak stihnete, kdy\u017e jste po\u0159\u00e1d v pr\u00e1ci nebo s d\u011btmi. To v\u0161echno m\u016f\u017eete nechat plavat a my\u0161lenkami se zaob\u00edrat pouze o pozitivn\u00ed v\u011bci, kter\u00e9 V\u00e1m zlep\u0161\u00ed n\u00e1ladu. U\u017e \u017e\u00e1dn\u00e9 starosti s \u00faklidem! \u00daklid dom\u00e1cnosti Praha 10 se t\u00fdk\u00e1 nejenom  byt\u016f , ale tak\u00e9 kancel\u00e1\u0159\u00ed, dom\u016f a r\u016fzn\u00fdch objekt\u016f. Zam\u011b\u0159ujeme se nejenom na b\u011b\u017en\u00e9 byty, ale tak\u00e9 domy a kancel\u00e1\u0159e.  Zam\u011b\u0159eno na kancel\u00e1\u0159e a firmy Nejenom dom\u00e1cnosti, ale mnohdy ani firmy nest\u00edhaj\u00ed s p\u0159edv\u00e1no\u010dn\u00edm \u00faklidem. Nedostatek \u010dasu se projevuje jak v pr\u016fb\u011bhu roku, kdy to chce tak\u00e9 n\u011bjak\u00fd ten \u00faklid nebo zejm\u00e9na na konci roku, proto\u017ee kv\u016fli p\u0159edv\u00e1no\u010dn\u00edmu shonu mnohdy nikdo nic nest\u00edh\u00e1. Jak tedy za\u0159\u00eddit, abyste m\u011bli i v kancel\u00e1\u0159\u00edch p\u0159irozen\u011b kr\u00e1sn\u011b, hezky a \u010disto? Jedin\u011b \u00faklid p\u0159ipad\u00e1 v \u00favahu, jenom\u017ee do toho se jenom tak n\u011bkdo nepust\u00ed. Sta\u010d\u00ed zavolat p\u0159\u00edslu\u0161nou firmu a v\u0161e se zm\u011bn\u00ed.  Domy, byty, soukrom\u00e9 dom\u00e1cnosti, kancel\u00e1\u0159e, firmy, panelov\u00e9 domy, spole\u010dn\u00e9 prostory a mnoho dal\u0161\u00edch m\u00edstnost\u00ed se zhost\u00edme hned, jakmile \u0159eknete.   \u010casto si z\u00e1kazn\u00edci \u017e\u00e1daj\u00ed zejm\u00e9na myt\u00ed oken, vys\u00e1v\u00e1n\u00ed, \u00faklid prachu, vyt\u00edr\u00e1n\u00ed, \u010di\u0161t\u011bn\u00ed spole\u010dn\u00fdch prostor, celkov\u00fd \u00faklid dom\u00e1cnosti a mnoho dal\u0161\u00edho.   Individu\u00e1ln\u011b se p\u0159izp\u016fsob\u00edme jak\u00e9mukoliv po\u017eadavku. Jsme flexibiln\u00ed a profesion\u00e1ln\u00ed.                                                                                                                                                                                                                                                                                                                                                                                            4.7\/5 - (4 votes)        "},{"@context":"https:\/\/schema.org\/","@type":"BreadcrumbList","itemListElement":[{"@type":"ListItem","position":1,"name":"\u00daklid dom\u00e1cnost\u00ed, byt\u016f i kancel\u00e1\u0159\u00ed","item":"https:\/\/www.er-sme.cz\/uklid-domacnosti-bytu-i-kancelari\/#breadcrumbitem"}]}]