[{"@context":"https:\/\/schema.org\/","@type":"Article","@id":"https:\/\/www.er-sme.cz\/uklid-za-vas-zvladne-nekdo-jiny\/#Article","mainEntityOfPage":"https:\/\/www.er-sme.cz\/uklid-za-vas-zvladne-nekdo-jiny\/","headline":"\u00daklid za v\u00e1s zvl\u00e1dne n\u011bkdo jin\u00fd!","name":"\u00daklid za v\u00e1s zvl\u00e1dne n\u011bkdo jin\u00fd!","description":"Nen\u00ed nad to, kdy\u017e je na V\u00e1noce doma dokonale uklizeno! Tak\u00e9 milujete ten pocit, kdy usednete do k\u0159esla a za\u010dnete si u\u017e\u00edvat pohodu...","datePublished":"2019-07-09","dateModified":"2023-04-27","author":{"@type":"Person","@id":"https:\/\/www.er-sme.cz\/author\/#Person","name":"er-sme.cz","url":"https:\/\/www.er-sme.cz\/author\/","identifier":1,"image":{"@type":"ImageObject","@id":"https:\/\/secure.gravatar.com\/avatar\/383247cd769f7ac317a5bcda943ec48a3c79d996598ae4564ec21a0e178126d1?s=96&d=mm&r=g","url":"https:\/\/secure.gravatar.com\/avatar\/383247cd769f7ac317a5bcda943ec48a3c79d996598ae4564ec21a0e178126d1?s=96&d=mm&r=g","height":96,"width":96}},"publisher":{"@type":"Organization","name":"er-sme.cz","logo":{"@type":"ImageObject","@id":"\/logo.png","url":"\/logo.png","width":600,"height":60}},"image":{"@type":"ImageObject","@id":"https:\/\/www.er-sme.cz\/wp-content\/uploads\/img_a360544_w1722_t1574179838.jpg","url":"https:\/\/www.er-sme.cz\/wp-content\/uploads\/img_a360544_w1722_t1574179838.jpg","height":0,"width":0},"url":"https:\/\/www.er-sme.cz\/uklid-za-vas-zvladne-nekdo-jiny\/","about":["Slu\u017eby"],"wordCount":410,"articleBody":"        Nen\u00ed nad to, kdy\u017e je na V\u00e1noce doma dokonale uklizeno! Tak\u00e9 milujete ten pocit, kdy usednete do k\u0159esla a za\u010dnete si u\u017e\u00edvat pohodu umocn\u011bnou p\u0159\u00edjemnou v\u016fn\u00ed \u010distoty va\u0161eho domova? Ov\u0161em takov\u00fd pocit p\u0159ece jen n\u011bco stoj\u00ed \u2013 p\u0159edev\u0161\u00edm mnoho hodin usilovn\u00e9 intenzivn\u00ed pr\u00e1ce s hadrem v ruce. Cht\u011bli byste relaxovat, a p\u0159itom se p\u0159ed t\u00edm nesed\u0159\u00edt z k\u016f\u017ee? V tom p\u0159\u00edpad\u011b to ud\u011blejte tak, \u017ee ty nejv\u00edce n\u00e1ro\u010dn\u00e9 \u010dinnosti sv\u011b\u0159\u00edte profesion\u00e1l\u016fm. Prof\u00edci v\u00e1m u\u0161et\u0159\u00ed nejen d\u0159inu, ale tak\u00e9 \u010das A v\u011b\u0159te tomu, \u017ee se v\u00e1m takov\u00e1 d\u011blba \u010dinnost\u00ed je\u0161t\u011b ke v\u0161emu i vyplat\u00ed. Za prv\u00e9 u\u0161et\u0159\u00edte svou energii i \u010das. Za druh\u00e9 se o V\u00e1noc\u00edch nebudete c\u00edtit tak unaven\u011b. A za t\u0159et\u00ed \u2013 specialist\u00e9 se postaraj\u00ed o to, aby to u v\u00e1s doma nejen z\u00e1\u0159ilo \u010distotou, ale aby va\u0161e vybaven\u00ed vypadalo jako nov\u00e9. D\u00edky stroj\u016fm toti\u017e dos\u00e1hnou takov\u00e9 intenzity \u00faklidu, o jakou byste vy usilovali jen st\u011b\u017e\u00ed. Experti na podlahy a bytov\u00e9 textilie Do rukou profesion\u00e1l\u016f tak m\u016f\u017eete nap\u0159\u00edklad sv\u011b\u0159it pran\u00ed koberc\u016f a vyt\u00edr\u00e1n\u00ed podlah. Jedn\u00e1 se o nam\u00e1havou pr\u00e1ci, kterou za v\u00e1s m\u016f\u017ee odv\u00e9st n\u011bkdo jin\u00fd, a je\u0161t\u011b k tomu to m\u016f\u017ee ud\u011blat l\u00e9pe, kdy\u017e bude m\u00edt po ruce to prav\u00e9 vybaven\u00ed. Kdy\u017e vsad\u00edte na \u010di\u0161t\u011bn\u00ed koberc\u016f Praha http:\/\/www.wismont-cisteni.cz\/, tak toho rozhodn\u011b litovat nebudete. D\u00edky dokonal\u00e9 profesion\u00e1ln\u00ed strojov\u00e9 a chemick\u00e9 v\u00fdbav\u011b je jejich pr\u00e1ce velice efektivn\u00ed a v\u00fdsledkem jsou bytov\u00e9 textilie, kter\u00e9 vypadaj\u00ed jako zbrusu nov\u00e9. Tak\u017ee pokud jste nap\u0159\u00edklad uva\u017eovali o v\u00fdm\u011bn\u011b za\u0161l\u00e9 seda\u010dky, tak je dost mo\u017en\u00e9, \u017ee si to po pr\u00e1ci specialist\u016f rozmysl\u00edte. V\u017edy\u0165 jen samotn\u00e9 koberce vypadaj\u00ed po jejich pran\u00ed jako po renovaci, nebo\u0165 maj\u00ed o\u017eiven\u00e9 barvy, p\u0159\u00edjemnou v\u016fni a na\u010dechran\u00e1 vl\u00e1kna, tak\u017ee jsou prost\u00e9 jak\u00fdchkoli skvrn, nemaj\u00ed bled\u00e9 barvy, a dokonce ani pro\u0161lapan\u00e9 cesti\u010dky. Nicm\u00e9n\u011b to nejlep\u0161\u00ed, co m\u016f\u017eete ud\u011blat proto, abyste se o skv\u011bl\u00fdch v\u00fdsledc\u00edch p\u0159esv\u011bd\u010dili na vlastn\u00ed o\u010di, je tyto slu\u017eby vyzkou\u0161et.                                                                                                                                                                                                                                                                                                                                                                                          3.5\/5 - (2 votes)        "},{"@context":"https:\/\/schema.org\/","@type":"BreadcrumbList","itemListElement":[{"@type":"ListItem","position":1,"name":"\u00daklid za v\u00e1s zvl\u00e1dne n\u011bkdo jin\u00fd!","item":"https:\/\/www.er-sme.cz\/uklid-za-vas-zvladne-nekdo-jiny\/#breadcrumbitem"}]}]